{"id":30879,"date":"2019-07-15T09:34:55","date_gmt":"2019-07-15T14:34:55","guid":{"rendered":"http:\/\/www.revistazetta.com\/?p=30879"},"modified":"2019-07-15T09:34:55","modified_gmt":"2019-07-15T14:34:55","slug":"carlos-jose-villamil-busca-volver-la-alcaldia-cordoba-teton","status":"publish","type":"post","link":"https:\/\/revistazetta.com\/?p=30879","title":{"rendered":"Carlos Jos\u00e9 Villamil busca volver a la Alcald\u00eda de C\u00f3rdoba Tet\u00f3n"},"content":{"rendered":"<p>Con el aval del partido Liberal, el dirigente Caros Jos\u00e9 Villamil Becerra buscar\u00e1 volver al cargo de alcalde del municipio de C\u00f3rdoba Tet\u00f3n.<\/p>\n<p>El senador Lidio Garc\u00eda Turbay le entreg\u00f3 el correspondiente aval, en ceremonia donde le acompa\u00f1o el presidente de la Asamblea Departamental, Ignacio \u00abHappy\u00bb Becerra.<\/p>\n<p>Villamil Becerra fue concejal y despu\u00e9s alcalde de ese municipio en el periodo 2012-2015.<\/p>\n<p>&nbsp;<\/p>\n","protected":false},"excerpt":{"rendered":"<p>Con el aval del partido Liberal, el dirigente Caros Jos\u00e9 Villamil Becerra buscar\u00e1 volver al cargo de alcalde del municipio de C\u00f3rdoba Tet\u00f3n. El senador Lidio Garc\u00eda Turbay le entreg\u00f3 el correspondiente aval, en ceremonia donde le acompa\u00f1o el presidente de la Asamblea Departamental, Ignacio \u00abHappy\u00bb Becerra. Villamil Becerra fue concejal y despu\u00e9s alcalde de ese municipio en el periodo 2012-2015. &nbsp;<\/p>\n","protected":false},"author":3,"featured_media":30880,"comment_status":"open","ping_status":"closed","sticky":false,"template":"","format":"standard","meta":{"footnotes":"","_links_to":"","_links_to_target":""},"categories":[4,75],"tags":[],"class_list":["post-30879","post","type-post","status-publish","format-standard","has-post-thumbnail","hentry","category-politica","category-destacada"],"_links":{"self":[{"href":"https:\/\/revistazetta.com\/index.php?rest_route=\/wp\/v2\/posts\/30879","targetHints":{"allow":["GET"]}}],"collection":[{"href":"https:\/\/revistazetta.com\/index.php?rest_route=\/wp\/v2\/posts"}],"about":[{"href":"https:\/\/revistazetta.com\/index.php?rest_route=\/wp\/v2\/types\/post"}],"author":[{"embeddable":true,"href":"https:\/\/revistazetta.com\/index.php?rest_route=\/wp\/v2\/users\/3"}],"replies":[{"embeddable":true,"href":"https:\/\/revistazetta.com\/index.php?rest_route=%2Fwp%2Fv2%2Fcomments&post=30879"}],"version-history":[{"count":0,"href":"https:\/\/revistazetta.com\/index.php?rest_route=\/wp\/v2\/posts\/30879\/revisions"}],"wp:featuredmedia":[{"embeddable":true,"href":"https:\/\/revistazetta.com\/index.php?rest_route=\/wp\/v2\/media\/30880"}],"wp:attachment":[{"href":"https:\/\/revistazetta.com\/index.php?rest_route=%2Fwp%2Fv2%2Fmedia&parent=30879"}],"wp:term":[{"taxonomy":"category","embeddable":true,"href":"https:\/\/revistazetta.com\/index.php?rest_route=%2Fwp%2Fv2%2Fcategories&post=30879"},{"taxonomy":"post_tag","embeddable":true,"href":"https:\/\/revistazetta.com\/index.php?rest_route=%2Fwp%2Fv2%2Ftags&post=30879"}],"curies":[{"name":"wp","href":"https:\/\/api.w.org\/{rel}","templated":true}]}}