{"id":30885,"date":"2019-07-15T21:42:52","date_gmt":"2019-07-16T02:42:52","guid":{"rendered":"http:\/\/www.revistazetta.com\/?p=30885"},"modified":"2019-07-15T21:42:52","modified_gmt":"2019-07-16T02:42:52","slug":"miura-le-causo-rafaelillo-fracturas-13-costillas","status":"publish","type":"post","link":"https:\/\/revistazetta.com\/?p=30885","title":{"rendered":"Un miura le caus\u00f3 a Rafaelillo fracturas en 13 costillas"},"content":{"rendered":"<p><strong>(Tomado de www.mundotoro.com).- Rafaelillo<\/strong>\u00a0tuvo que\u00a0<strong>volver a ser intervenido por segunda vez<\/strong>\u00a0en el Centro Hospitalario tras el percance que sufri\u00f3 en el comienzo de faena del segundo de su lote. El torero murciano fue\u00a0<strong>violentamente golpeado<\/strong>\u00a0y,<strong>adem\u00e1s de la cornada que se hab\u00eda operado en la enfermer\u00eda de la plaza<\/strong>, fue evacuado para realizarle m\u00e1s pruebas y conocer el alcance final, que confirm\u00f3 la\u00a0<strong>afectaci\u00f3n en 13 de sus costillas<\/strong>, en diferente grado,\u00a0<strong>as\u00ed como de dos v\u00e9rtebras<\/strong>.<\/p>\n<p><em>\u2018Rafaelillo ahora tiene mucho dolor, est\u00e1 estable pero esta ma\u00f1ana se levant\u00f3 con mucho dolor y dijo el m\u00e9dico que tuvo mucha suerte por que roz\u00f3 la m\u00e9dula espinal y pudo ser peor\u2019<\/em>\u00a0comenta\u00a0<strong>Lionel Buisson<\/strong>, apoderado del murciano.<\/p>\n<p><em>\u2018Cuando fuimos al hospital e hicieron el escaner vieron que ten\u00eda fracturas en varias costillas y le pusieron un tubo en el pulm\u00f3n para que saliera el aire. Nosotros sab\u00edamos que era m\u00e1s de lo que se vio en la plaza, pero por no alertar, dijimos que era una costilla, pero va mucho m\u00e1s all\u00e1\u2019<\/em>\u00a0afirma.<\/p>\n<p>Este es el escalofriante\u00a0<strong>parte m\u00e9dico<\/strong>\u00a0que emiti\u00f3 el\u00a0<strong>Dr. Mauro Loinaz Bordonabe<\/strong>\u00a0tras la segunda intervenci\u00f3n:<\/p>\n<p><strong><em>\u2018Herida por asta de toro en hemitorax izquierdo<\/em><\/strong><em>, a nivel del 8\u00ba y 9\u00ba espacio intercostal. Se realiza\u00a0<strong>toracotom\u00eda de urgencia in situ<\/strong>\u00a0y se objetivan fracturas costales a nivel lateral y posterior de varias curvas con hemotorax importante en relaci\u00f3n con sangrado de intercostales. Se aprecia indemnidad de diafragma y pleura visceral.\u00a0<strong>Se coloca tubo de torax desde anterior<\/strong>. Drenaje en plano superficial. Cierre por aproximaci\u00f3n de diferentes planos.<\/em><\/p>\n<p>De la plaza se le traslad\u00f3 al\u00a0<strong>Centro Hospitalario<\/strong>, donde se le realiz\u00f3 una radiograf\u00eda y un\u00a0<strong>TAC<\/strong>\u00a0que indic\u00f3 que el torero sufr\u00eda adem\u00e1s un<em>\u00a0\u2018Neumotorax izquierdo que ocupa aproximadamente el 50% de la caja tor\u00e1cica izquierda. Neumotorax derecho que ocupa aproximadamente un tercio de la caja tor\u00e1cica derecha. Condensaci\u00f3n parenquimatosa en el LII compatible con posible contusi\u00f3n pulmonar. Tambi\u00e9n peque\u00f1o hemotorax derecho.\u00a0<strong>M\u00faltiples fracturas costales.<\/strong>\u00a0En la parrilla derecha, el arco anterior de la 4\u00ba costilla, acabalgada. Los arcos posteriores de la 7\u00ba, 8\u00ba, 9\u00ba y 10\u00ba costilla. Fisura de la 6\u00ba costilla derecha. Fractura de la ap\u00f3fisis trasversa derecha de la 7\u00ba v\u00e9rtebra. En la parrilla izquierda,\u00a0<strong>fractura de la 6\u00ba, 7\u00ba, 8\u00ba, 9\u00ba, 10\u00ba, 11\u00ba, 12\u00ba.<\/strong>\u00a0La 9\u00ba con dos trazos de fractura. Varias acabalgadas.\u00a0<strong>Fracturas transversas derechas de la L1 y L2.<\/strong>\u00a0Enfisema subcut\u00e1neo.\u00a0\u00a0<strong>Ingres\u00f3 en la UCI para vigilancia y evoluci\u00f3n\u2019<\/strong>.<\/em><\/p>\n<div id=\"attachment_30887\" style=\"width: 310px\" class=\"wp-caption alignnone\"><img loading=\"lazy\" decoding=\"async\" aria-describedby=\"caption-attachment-30887\" class=\"wp-image-30887 size-medium\" src=\"https:\/\/www.revistazetta.com\/wp-content\/uploads\/2019\/07\/Rafaelillo-corn-300x200.jpeg\" alt=\"\" width=\"300\" height=\"200\" srcset=\"https:\/\/revistazetta.com\/wp-content\/uploads\/2019\/07\/Rafaelillo-corn-300x200.jpeg 300w, https:\/\/revistazetta.com\/wp-content\/uploads\/2019\/07\/Rafaelillo-corn-1024x682.jpeg 1024w, https:\/\/revistazetta.com\/wp-content\/uploads\/2019\/07\/Rafaelillo-corn-219x146.jpeg 219w, https:\/\/revistazetta.com\/wp-content\/uploads\/2019\/07\/Rafaelillo-corn-50x33.jpeg 50w, https:\/\/revistazetta.com\/wp-content\/uploads\/2019\/07\/Rafaelillo-corn-113x75.jpeg 113w, https:\/\/revistazetta.com\/wp-content\/uploads\/2019\/07\/Rafaelillo-corn.jpeg 1280w\" sizes=\"auto, (max-width: 300px) 100vw, 300px\" \/><p id=\"caption-attachment-30887\" class=\"wp-caption-text\">aplausos.com<\/p><\/div>\n<p>&nbsp;<\/p>\n","protected":false},"excerpt":{"rendered":"<p>(Tomado de www.mundotoro.com).- Rafaelillo\u00a0tuvo que\u00a0volver a ser intervenido por segunda vez\u00a0en el Centro Hospitalario tras el percance que sufri\u00f3 en el comienzo de faena del segundo de su lote. El torero murciano fue\u00a0violentamente golpeado\u00a0y,adem\u00e1s de la cornada que se hab\u00eda operado en la enfermer\u00eda de la plaza, fue evacuado para realizarle m\u00e1s pruebas y conocer el alcance final, que confirm\u00f3 la\u00a0afectaci\u00f3n en 13 de sus costillas, en diferente grado,\u00a0as\u00ed como de dos v\u00e9rtebras. \u2018Rafaelillo ahora tiene mucho dolor, est\u00e1 estable pero esta ma\u00f1ana se levant\u00f3 con mucho dolor y dijo&#8230; <\/p>\n","protected":false},"author":3,"featured_media":30886,"comment_status":"open","ping_status":"closed","sticky":false,"template":"","format":"standard","meta":{"footnotes":"","_links_to":"","_links_to_target":""},"categories":[75,41,42],"tags":[],"class_list":["post-30885","post","type-post","status-publish","format-standard","has-post-thumbnail","hentry","category-destacada","category-cultura","category-cultura-toros"],"_links":{"self":[{"href":"https:\/\/revistazetta.com\/index.php?rest_route=\/wp\/v2\/posts\/30885","targetHints":{"allow":["GET"]}}],"collection":[{"href":"https:\/\/revistazetta.com\/index.php?rest_route=\/wp\/v2\/posts"}],"about":[{"href":"https:\/\/revistazetta.com\/index.php?rest_route=\/wp\/v2\/types\/post"}],"author":[{"embeddable":true,"href":"https:\/\/revistazetta.com\/index.php?rest_route=\/wp\/v2\/users\/3"}],"replies":[{"embeddable":true,"href":"https:\/\/revistazetta.com\/index.php?rest_route=%2Fwp%2Fv2%2Fcomments&post=30885"}],"version-history":[{"count":0,"href":"https:\/\/revistazetta.com\/index.php?rest_route=\/wp\/v2\/posts\/30885\/revisions"}],"wp:featuredmedia":[{"embeddable":true,"href":"https:\/\/revistazetta.com\/index.php?rest_route=\/wp\/v2\/media\/30886"}],"wp:attachment":[{"href":"https:\/\/revistazetta.com\/index.php?rest_route=%2Fwp%2Fv2%2Fmedia&parent=30885"}],"wp:term":[{"taxonomy":"category","embeddable":true,"href":"https:\/\/revistazetta.com\/index.php?rest_route=%2Fwp%2Fv2%2Fcategories&post=30885"},{"taxonomy":"post_tag","embeddable":true,"href":"https:\/\/revistazetta.com\/index.php?rest_route=%2Fwp%2Fv2%2Ftags&post=30885"}],"curies":[{"name":"wp","href":"https:\/\/api.w.org\/{rel}","templated":true}]}}