{"id":30888,"date":"2019-07-15T21:52:16","date_gmt":"2019-07-16T02:52:16","guid":{"rendered":"http:\/\/www.revistazetta.com\/?p=30888"},"modified":"2019-07-15T21:52:16","modified_gmt":"2019-07-16T02:52:16","slug":"nueva-junta-directiva-fenalco-bolivar-2019-2021","status":"publish","type":"post","link":"https:\/\/revistazetta.com\/?p=30888","title":{"rendered":"Nueva Junta Directiva de Fenalco Bol\u00edvar 2019-2021"},"content":{"rendered":"<p>Fenalco celebr\u00f3 su Asamblea Ordinaria de Afiliados, donde reafirmaron su compromiso de trabajo por el\u00a0desarrollo econ\u00f3mico de la regi\u00f3n y el pa\u00eds. Se present\u00f3 el informe de gesti\u00f3n consolidado 2018 y se eligi\u00f3\u00a0la Junta Directiva 2019-2021, qued\u00f3 conformada por\u00a0Patricia Acero,\u00a0Juan Pablo Cepeda, Carlos Gede\u00f3n Juan, Mar\u00eda Fernanda Giraldo,\u00a0Shamir Hazime, Ricardo Mayorga Ch\u00e1vez, Camilo Ram\u00edrez Casta\u00f1o,\u00a0Jos\u00e9 Henrique Rizo Delgado,\u00a0Amaury Rom\u00e1n\u00a0y Amaury V\u00e9lez.<\/p>\n<p>Jaime Cabal Sanclemente, presidente de Fenalco Nacional, present\u00f3 \u00a0un mensaje de su compromiso \u00a0a los empresarios, reiterando su decisi\u00f3n de trabajar con y desde \u00a0las seccionales, \u00a0asumiendo \u00a0con entusiasmo \u00a0su cargo como Presidente \u00a0Nacional del Gremio m\u00e1s representativo del pa\u00eds . \u201cTrabajar\u00e9 en la construcci\u00f3n de una agenda com\u00fan \u00a0para presentar a las instancias centrales del gobierno que permitan mejorar el desarrollo del sector comercio , el que m\u00e1s empleo genera.\u00a0 El desarrollo del pa\u00eds y la inclusi\u00f3n social se construye desde las regiones, una regi\u00f3n sin empresarios es una regi\u00f3n condenada a morir\u201d, recalc\u00f3 .<\/p>\n<p>Durante la celebraci\u00f3n, Mauricio Villegas Gerdts, Presidente de la Junta Directiva de Fenalco Bol\u00edvar, comparti\u00f3 el reconocimiento \u00a0que el Gremio le ha hecho a Carlos Gede\u00f3n Juan, representante de la Seccional ante la Junta Nacional, al escogerlo como su Presidente, se\u00f1alando adem\u00e1s la distinci\u00f3n, lo es tambi\u00e9n a la seccional Bol\u00edvar.<\/p>\n<p>Carlos Gede\u00f3n Juan, Presidente de la Junta Directiva de Fenalco Nacional, destac\u00f3\u00a0los grandes retos de un Gremio como Fenalco. \u201cHemos sido un Gremio donde el servicio al afiliado es lo m\u00e1s relevante, queremos continuar haci\u00e9ndolo y ofrecerles otros adicionales \u201c. El dirigente, envi\u00f3 un mensaje de reflexi\u00f3n a todos los empresarios \u00a0que quieran que Cartagena sea gobernada \u00a0mejor\u00a0y la importancia de dedicar los esfuerzos que \u00a0sean necesarios para lograr construir una fuerte gobernabilidad democr\u00e1tica.<\/p>\n<p>&nbsp;<\/p>\n","protected":false},"excerpt":{"rendered":"<p>Fenalco celebr\u00f3 su Asamblea Ordinaria de Afiliados, donde reafirmaron su compromiso de trabajo por el\u00a0desarrollo econ\u00f3mico de la regi\u00f3n y el pa\u00eds. Se present\u00f3 el informe de gesti\u00f3n consolidado 2018 y se eligi\u00f3\u00a0la Junta Directiva 2019-2021, qued\u00f3 conformada por\u00a0Patricia Acero,\u00a0Juan Pablo Cepeda, Carlos Gede\u00f3n Juan, Mar\u00eda Fernanda Giraldo,\u00a0Shamir Hazime, Ricardo Mayorga Ch\u00e1vez, Camilo Ram\u00edrez Casta\u00f1o,\u00a0Jos\u00e9 Henrique Rizo Delgado,\u00a0Amaury Rom\u00e1n\u00a0y Amaury V\u00e9lez. Jaime Cabal Sanclemente, presidente de Fenalco Nacional, present\u00f3 \u00a0un mensaje de su compromiso \u00a0a los empresarios, reiterando su decisi\u00f3n de trabajar con y desde \u00a0las seccionales, \u00a0asumiendo \u00a0con entusiasmo&#8230; <\/p>\n","protected":false},"author":3,"featured_media":30889,"comment_status":"open","ping_status":"closed","sticky":false,"template":"","format":"standard","meta":{"footnotes":"","_links_to":"","_links_to_target":""},"categories":[75,3,50],"tags":[],"class_list":["post-30888","post","type-post","status-publish","format-standard","has-post-thumbnail","hentry","category-destacada","category-ciudad","category-empresa"],"_links":{"self":[{"href":"https:\/\/revistazetta.com\/index.php?rest_route=\/wp\/v2\/posts\/30888","targetHints":{"allow":["GET"]}}],"collection":[{"href":"https:\/\/revistazetta.com\/index.php?rest_route=\/wp\/v2\/posts"}],"about":[{"href":"https:\/\/revistazetta.com\/index.php?rest_route=\/wp\/v2\/types\/post"}],"author":[{"embeddable":true,"href":"https:\/\/revistazetta.com\/index.php?rest_route=\/wp\/v2\/users\/3"}],"replies":[{"embeddable":true,"href":"https:\/\/revistazetta.com\/index.php?rest_route=%2Fwp%2Fv2%2Fcomments&post=30888"}],"version-history":[{"count":0,"href":"https:\/\/revistazetta.com\/index.php?rest_route=\/wp\/v2\/posts\/30888\/revisions"}],"wp:featuredmedia":[{"embeddable":true,"href":"https:\/\/revistazetta.com\/index.php?rest_route=\/wp\/v2\/media\/30889"}],"wp:attachment":[{"href":"https:\/\/revistazetta.com\/index.php?rest_route=%2Fwp%2Fv2%2Fmedia&parent=30888"}],"wp:term":[{"taxonomy":"category","embeddable":true,"href":"https:\/\/revistazetta.com\/index.php?rest_route=%2Fwp%2Fv2%2Fcategories&post=30888"},{"taxonomy":"post_tag","embeddable":true,"href":"https:\/\/revistazetta.com\/index.php?rest_route=%2Fwp%2Fv2%2Ftags&post=30888"}],"curies":[{"name":"wp","href":"https:\/\/api.w.org\/{rel}","templated":true}]}}