{"id":30890,"date":"2019-07-15T22:03:28","date_gmt":"2019-07-16T03:03:28","guid":{"rendered":"http:\/\/www.revistazetta.com\/?p=30890"},"modified":"2019-07-15T22:03:28","modified_gmt":"2019-07-16T03:03:28","slug":"alcalde-entrega-ese-cartagena-indias-recuperado-cap-bicentenario","status":"publish","type":"post","link":"https:\/\/revistazetta.com\/?p=30890","title":{"rendered":"Alcalde entrega a ESE Cartagena de Indias el recuperado CAP Bicentenario"},"content":{"rendered":"<p>El alcalde Pedrito Perera Caballero entreg\u00f3 el Centro de Atenci\u00f3n Permanente (CAP) Bicentenario a la ESE Cartagena de Indias, operador que lo pondr\u00e1 en servicio este 22 de julio pr\u00f3ximo.<br \/>\nEn una sencilla ceremonia, el mandatario le pidi\u00f3 a los presentes, en su mayor\u00eda habitantes de Bicentenario, Villas de Aranjuez, La India, Colombiat\u00f3n, y Flor del Campo, darle gracias a Dios por permitirles estar reunidos para entregar unos de los grandes anhelos que han tenidos estas comunidades.<br \/>\n\u201cEl acceso a la salud es un derecho fundamental que se debe blindar de situaciones administrativas adversas, crisis pol\u00edticas y de la corrupci\u00f3n. Debe ser una prioridad en las gestiones gubernamentales dado que la vida de la poblaci\u00f3n se encuentra en juego\u201d.<br \/>\nIndic\u00f3 que dentro de sus prioridades como gobierno se encuentra la mitigaci\u00f3n de la pobreza, siendo el acceso a la salud de calidad responsable una plataforma para alcanzar condiciones dignas de vida.<br \/>\nPereira Caballero se\u00f1al\u00f3 que la ESE Cartagena de Indias es el operador de los servicios de salud que ofrecer\u00e1 el CAP, el cual abre sus puertas al p\u00fablico el pr\u00f3ximo 22 de julio, luego de que se finiquiten labores de conectividad.<br \/>\nEste CAP beneficiar\u00e1 a m\u00e1s de 13 mil personas y cuenta con un programa arquitect\u00f3nico avalado por el Dadis con una infraestructura con un \u00e1rea de 4.483 metros cuadrados, de los cuales m\u00e1s de 2 mil metros cuadrados est\u00e1n construidos con amplias zonas y dotados para el servicio de urgencias, consulta externa, administraci\u00f3n, servicio de apoyo log\u00edstico, imagenolog\u00eda y laboratorio.<br \/>\n\u201cAhora empieza otra tarea por parte de la ESE de garantizar el mejor servicio, de calidad y oportunidad, de las EPS para garantizar la prestaci\u00f3n de servicios a sus afiliados, de la comunidad para hacer y mantener este lugar bajo las mejores condiciones y brindar apoyo al personal que desde empezar\u00e1 a hacer parte de ustedes y nosotros, sin duda seguiremos velando por el buen funcionamiento de los servicios de salud\u201d, expres\u00f3 Pereira Caballero.<br \/>\nRoque Bossio, gerente de la ESE, indic\u00f3 que el CAP ofrece servicios de primer nivel de complejidad. Se ofrecer\u00e1 consulta externa, medicina general, todos los programa de prevenci\u00f3n y promoci\u00f3n, odontolog\u00eda, laboratorio cl\u00ednico, im\u00e1genes diagn\u00f3sticas y el servicio de urgencias.<br \/>\n\u201cHoy (lunes) nos entregaron el CAP, vamos a hacerle algunas adecuaciones para que funcione correctamente, como la comunidad se lo merece el pr\u00f3ximo 22 de julio comenzamos la atenci\u00f3n de los usuarios\u201d.<br \/>\nEl lugar cuenta con siete consultorios, siete camas para hospitalizaci\u00f3n y observaci\u00f3n de mujeres, seis para hombres y seis m\u00e1s para los menores, rayos x y laboratorio cl\u00ednico. Se abrir\u00e1 teniendo en cuenta la demanda de servicios en unos 3 meses tener el centro de salud funcionando las 24 horas.<br \/>\nAntonio Sagbini, director del Dadis, catalog\u00f3 como un logr\u00f3 la puesta en funcionamiento el CAP Bicentenario. \u201cLa dotaci\u00f3n ya est\u00e1, ahora viene un alistamiento de conectividad por parte de la ESE para que se d\u00e9 la apertura asistencial este 22 de julio\u201d, sostuvo.<br \/>\nJorge Almanza, presidente Junta Acci\u00f3n Bicentenario, dijo que la apertura de este CAP representa salud, vida, el sue\u00f1o que estas comunidades pidieron a gritos por m\u00e1s de tres a\u00f1os. Es una muy buena oportunidad para salvar muchas vidas. \u201cLe damos gracias a Dios y tambi\u00e9n al Alcalde Pedrito Pereira que trabaj\u00f3 incansablemente para lograr este objetivo\u201d.<\/p>\n","protected":false},"excerpt":{"rendered":"<p>El alcalde Pedrito Perera Caballero entreg\u00f3 el Centro de Atenci\u00f3n Permanente (CAP) Bicentenario a la ESE Cartagena de Indias, operador que lo pondr\u00e1 en servicio este 22 de julio pr\u00f3ximo. En una sencilla ceremonia, el mandatario le pidi\u00f3 a los presentes, en su mayor\u00eda habitantes de Bicentenario, Villas de Aranjuez, La India, Colombiat\u00f3n, y Flor del Campo, darle gracias a Dios por permitirles estar reunidos para entregar unos de los grandes anhelos que han tenidos estas comunidades. \u201cEl acceso a la salud es un derecho fundamental que se debe blindar&#8230; <\/p>\n","protected":false},"author":3,"featured_media":30891,"comment_status":"open","ping_status":"closed","sticky":false,"template":"","format":"standard","meta":{"footnotes":"","_links_to":"","_links_to_target":""},"categories":[75,32],"tags":[],"class_list":["post-30890","post","type-post","status-publish","format-standard","has-post-thumbnail","hentry","category-destacada","category-actualidad-distrito"],"_links":{"self":[{"href":"https:\/\/revistazetta.com\/index.php?rest_route=\/wp\/v2\/posts\/30890","targetHints":{"allow":["GET"]}}],"collection":[{"href":"https:\/\/revistazetta.com\/index.php?rest_route=\/wp\/v2\/posts"}],"about":[{"href":"https:\/\/revistazetta.com\/index.php?rest_route=\/wp\/v2\/types\/post"}],"author":[{"embeddable":true,"href":"https:\/\/revistazetta.com\/index.php?rest_route=\/wp\/v2\/users\/3"}],"replies":[{"embeddable":true,"href":"https:\/\/revistazetta.com\/index.php?rest_route=%2Fwp%2Fv2%2Fcomments&post=30890"}],"version-history":[{"count":0,"href":"https:\/\/revistazetta.com\/index.php?rest_route=\/wp\/v2\/posts\/30890\/revisions"}],"wp:featuredmedia":[{"embeddable":true,"href":"https:\/\/revistazetta.com\/index.php?rest_route=\/wp\/v2\/media\/30891"}],"wp:attachment":[{"href":"https:\/\/revistazetta.com\/index.php?rest_route=%2Fwp%2Fv2%2Fmedia&parent=30890"}],"wp:term":[{"taxonomy":"category","embeddable":true,"href":"https:\/\/revistazetta.com\/index.php?rest_route=%2Fwp%2Fv2%2Fcategories&post=30890"},{"taxonomy":"post_tag","embeddable":true,"href":"https:\/\/revistazetta.com\/index.php?rest_route=%2Fwp%2Fv2%2Ftags&post=30890"}],"curies":[{"name":"wp","href":"https:\/\/api.w.org\/{rel}","templated":true}]}}