{"id":30892,"date":"2019-07-15T22:20:59","date_gmt":"2019-07-16T03:20:59","guid":{"rendered":"http:\/\/www.revistazetta.com\/?p=30892"},"modified":"2019-07-15T22:20:59","modified_gmt":"2019-07-16T03:20:59","slug":"fernando-araujo-abre-buzon-las-oportunidades","status":"publish","type":"post","link":"https:\/\/revistazetta.com\/?p=30892","title":{"rendered":"Fernando Ara\u00fajo abre el \u00abBuz\u00f3n de las Oportunidades\u00bb"},"content":{"rendered":"<p>Un \u00abBuz\u00f3n de las Oportunidades\u00bb abri\u00f3 el candidato a la Alcald\u00eda Fernando Ara\u00fajo Perdomo para que la ciudadan\u00eda deposite sus propuestas, sue\u00f1os, deseos y prop\u00f3sitos para Cartagena.<\/p>\n<p>\u00abCon el Buz\u00f3n de las Oportunidades buscamos construir todos juntos el programa de gobierno que cambiar\u00e1 nuestra ciudad\u00bb, dijo el aspirante del movimiento \u00abTodos hacemos el cambio\u00bb.<\/p>\n<p>Ara\u00fajo Perdomo insisti\u00f3 en que en Cartagena no hay otra opci\u00f3n distinta al cambio, y e invit\u00f3 a no descansar hasta lograrlo. \u00abTodo es posible si trabajamos juntos\u00bb, anot\u00f3.<\/p>\n<p>El dirigente dijo que las cosas van a cambiar en Cartagena pues hay otro camino para hacer que las cosas cambien, y ese camino es trabajar todos juntos, y record\u00f3 las visitas que hizo al alcalde Federico Guti\u00e9rrez, de Medell\u00edn, y la ex alcaldesa Elsa Noguera, de Barranquilla, para ver la experiencia de otras ciudades en procesos de cambio.<\/p>\n<p>&nbsp;<\/p>\n","protected":false},"excerpt":{"rendered":"<p>Un \u00abBuz\u00f3n de las Oportunidades\u00bb abri\u00f3 el candidato a la Alcald\u00eda Fernando Ara\u00fajo Perdomo para que la ciudadan\u00eda deposite sus propuestas, sue\u00f1os, deseos y prop\u00f3sitos para Cartagena. \u00abCon el Buz\u00f3n de las Oportunidades buscamos construir todos juntos el programa de gobierno que cambiar\u00e1 nuestra ciudad\u00bb, dijo el aspirante del movimiento \u00abTodos hacemos el cambio\u00bb. Ara\u00fajo Perdomo insisti\u00f3 en que en Cartagena no hay otra opci\u00f3n distinta al cambio, y e invit\u00f3 a no descansar hasta lograrlo. \u00abTodo es posible si trabajamos juntos\u00bb, anot\u00f3. El dirigente dijo que las cosas van&#8230; <\/p>\n","protected":false},"author":3,"featured_media":30893,"comment_status":"open","ping_status":"closed","sticky":false,"template":"","format":"standard","meta":{"footnotes":"","_links_to":"","_links_to_target":""},"categories":[75,4],"tags":[],"class_list":["post-30892","post","type-post","status-publish","format-standard","has-post-thumbnail","hentry","category-destacada","category-politica"],"_links":{"self":[{"href":"https:\/\/revistazetta.com\/index.php?rest_route=\/wp\/v2\/posts\/30892","targetHints":{"allow":["GET"]}}],"collection":[{"href":"https:\/\/revistazetta.com\/index.php?rest_route=\/wp\/v2\/posts"}],"about":[{"href":"https:\/\/revistazetta.com\/index.php?rest_route=\/wp\/v2\/types\/post"}],"author":[{"embeddable":true,"href":"https:\/\/revistazetta.com\/index.php?rest_route=\/wp\/v2\/users\/3"}],"replies":[{"embeddable":true,"href":"https:\/\/revistazetta.com\/index.php?rest_route=%2Fwp%2Fv2%2Fcomments&post=30892"}],"version-history":[{"count":0,"href":"https:\/\/revistazetta.com\/index.php?rest_route=\/wp\/v2\/posts\/30892\/revisions"}],"wp:featuredmedia":[{"embeddable":true,"href":"https:\/\/revistazetta.com\/index.php?rest_route=\/wp\/v2\/media\/30893"}],"wp:attachment":[{"href":"https:\/\/revistazetta.com\/index.php?rest_route=%2Fwp%2Fv2%2Fmedia&parent=30892"}],"wp:term":[{"taxonomy":"category","embeddable":true,"href":"https:\/\/revistazetta.com\/index.php?rest_route=%2Fwp%2Fv2%2Fcategories&post=30892"},{"taxonomy":"post_tag","embeddable":true,"href":"https:\/\/revistazetta.com\/index.php?rest_route=%2Fwp%2Fv2%2Ftags&post=30892"}],"curies":[{"name":"wp","href":"https:\/\/api.w.org\/{rel}","templated":true}]}}