{"id":30894,"date":"2019-07-15T22:46:43","date_gmt":"2019-07-16T03:46:43","guid":{"rendered":"http:\/\/www.revistazetta.com\/?p=30894"},"modified":"2019-07-15T22:46:43","modified_gmt":"2019-07-16T03:46:43","slug":"bye-bye-peajes-garcia-tirado-los-eliminara","status":"publish","type":"post","link":"https:\/\/revistazetta.com\/?p=30894","title":{"rendered":"\u00a1Bye, bye, peajes!: Garc\u00eda Tirado los eliminar\u00e1"},"content":{"rendered":"<p>Eliminar los peajes de Manga y los que cobran a lo largo y ancho del corredor de carga, ser\u00e1 una de las acciones contundentes del candidato a la Alcald\u00eda William Garc\u00eda Tirado, quien\u00a0 manifest\u00f3 que de llegarse a construir la Quinta Avenida de Manga, no ser\u00e1 a trav\u00e9s del sistema de valorizaci\u00f3n ni por peajes.<\/p>\n<p>Garc\u00eda Tirado enfatiz\u00f3 en la necesidad de ampliar a cuatro carriles la Avenida del Lago como alternativa para mejorar la movilidad en la ciudad de Cartagena.<\/p>\n<p>\u201cLos cartageneros est\u00e1n cansados de pagar peajes y de la p\u00e9sima movilidad existente. Eliminaremos los peajes y tambi\u00e9n muchos sem\u00e1foros, la ciudad parece un \u00e1rbol de navidad. Como soluci\u00f3n garantizamos la construcci\u00f3n de m\u00e1s puentes peatonales\u201d, dijo Garc\u00eda Tirado.<\/p>\n","protected":false},"excerpt":{"rendered":"<p>Eliminar los peajes de Manga y los que cobran a lo largo y ancho del corredor de carga, ser\u00e1 una de las acciones contundentes del candidato a la Alcald\u00eda William Garc\u00eda Tirado, quien\u00a0 manifest\u00f3 que de llegarse a construir la Quinta Avenida de Manga, no ser\u00e1 a trav\u00e9s del sistema de valorizaci\u00f3n ni por peajes. Garc\u00eda Tirado enfatiz\u00f3 en la necesidad de ampliar a cuatro carriles la Avenida del Lago como alternativa para mejorar la movilidad en la ciudad de Cartagena. \u201cLos cartageneros est\u00e1n cansados de pagar peajes y de&#8230; <\/p>\n","protected":false},"author":3,"featured_media":30895,"comment_status":"open","ping_status":"closed","sticky":false,"template":"","format":"standard","meta":{"footnotes":"","_links_to":"","_links_to_target":""},"categories":[75,4],"tags":[],"class_list":["post-30894","post","type-post","status-publish","format-standard","has-post-thumbnail","hentry","category-destacada","category-politica"],"_links":{"self":[{"href":"https:\/\/revistazetta.com\/index.php?rest_route=\/wp\/v2\/posts\/30894","targetHints":{"allow":["GET"]}}],"collection":[{"href":"https:\/\/revistazetta.com\/index.php?rest_route=\/wp\/v2\/posts"}],"about":[{"href":"https:\/\/revistazetta.com\/index.php?rest_route=\/wp\/v2\/types\/post"}],"author":[{"embeddable":true,"href":"https:\/\/revistazetta.com\/index.php?rest_route=\/wp\/v2\/users\/3"}],"replies":[{"embeddable":true,"href":"https:\/\/revistazetta.com\/index.php?rest_route=%2Fwp%2Fv2%2Fcomments&post=30894"}],"version-history":[{"count":0,"href":"https:\/\/revistazetta.com\/index.php?rest_route=\/wp\/v2\/posts\/30894\/revisions"}],"wp:featuredmedia":[{"embeddable":true,"href":"https:\/\/revistazetta.com\/index.php?rest_route=\/wp\/v2\/media\/30895"}],"wp:attachment":[{"href":"https:\/\/revistazetta.com\/index.php?rest_route=%2Fwp%2Fv2%2Fmedia&parent=30894"}],"wp:term":[{"taxonomy":"category","embeddable":true,"href":"https:\/\/revistazetta.com\/index.php?rest_route=%2Fwp%2Fv2%2Fcategories&post=30894"},{"taxonomy":"post_tag","embeddable":true,"href":"https:\/\/revistazetta.com\/index.php?rest_route=%2Fwp%2Fv2%2Ftags&post=30894"}],"curies":[{"name":"wp","href":"https:\/\/api.w.org\/{rel}","templated":true}]}}