{"id":30898,"date":"2019-07-16T11:24:33","date_gmt":"2019-07-16T16:24:33","guid":{"rendered":"http:\/\/www.revistazetta.com\/?p=30898"},"modified":"2019-07-16T11:24:33","modified_gmt":"2019-07-16T16:24:33","slug":"cartas-cambio-radical-asamblea-departamental","status":"publish","type":"post","link":"https:\/\/revistazetta.com\/?p=30898","title":{"rendered":"Cartas de Cambio Radical a Asamblea Departamental"},"content":{"rendered":"<p>El partido Cambio Radical quiere conservar el espacio de cuatro curules que su bancada tiene actualmente en la Asamblea Departamental, y para ello le confi\u00f3 sus fuerzas a tres diputados que buscan la reelecci\u00f3n y una nueva alternativa.<\/p>\n<p>Los que buscan la reelecci\u00f3n son V\u00edctor Mendoza Saleme, Jorge Redondo y Libardo Simancas Guardo. El otro diputado actual, Manuel Berr\u00edo Scaff, decidi\u00f3 aspirar al Concejo de Cartagena. Esa cuarta plaza la buscar\u00e1 Viviana Villalobos.<\/p>\n<p>Los que tienen mejores antecedentes estad\u00edsticos por su alta votaci\u00f3n son Mendoza y Redondo, mientras que Simancas deber\u00e1 redoblar sus esfuerzos pues hace cuatro a\u00f1os tuvo baja votaci\u00f3n pero logr\u00f3 la curul gracias a la cifra repartidora. Villalobos es una inc\u00f3gnita.<\/p>\n<p>En la foto de la entrega de avales aparecen con el representante Jorge Benedetti, el candidato a Gobernaci\u00f3n Hernando Padau\u00ed, la senadora Daira Galvis y el exgobernador Juan Carlos Gossa\u00edn.<\/p>\n","protected":false},"excerpt":{"rendered":"<p>El partido Cambio Radical quiere conservar el espacio de cuatro curules que su bancada tiene actualmente en la Asamblea Departamental, y para ello le confi\u00f3 sus fuerzas a tres diputados que buscan la reelecci\u00f3n y una nueva alternativa. Los que buscan la reelecci\u00f3n son V\u00edctor Mendoza Saleme, Jorge Redondo y Libardo Simancas Guardo. El otro diputado actual, Manuel Berr\u00edo Scaff, decidi\u00f3 aspirar al Concejo de Cartagena. Esa cuarta plaza la buscar\u00e1 Viviana Villalobos. Los que tienen mejores antecedentes estad\u00edsticos por su alta votaci\u00f3n son Mendoza y Redondo, mientras que Simancas&#8230; <\/p>\n","protected":false},"author":3,"featured_media":30899,"comment_status":"open","ping_status":"closed","sticky":false,"template":"","format":"standard","meta":{"footnotes":"","_links_to":"","_links_to_target":""},"categories":[75,28,4],"tags":[],"class_list":["post-30898","post","type-post","status-publish","format-standard","has-post-thumbnail","hentry","category-destacada","category-politica-asamblea","category-politica"],"_links":{"self":[{"href":"https:\/\/revistazetta.com\/index.php?rest_route=\/wp\/v2\/posts\/30898","targetHints":{"allow":["GET"]}}],"collection":[{"href":"https:\/\/revistazetta.com\/index.php?rest_route=\/wp\/v2\/posts"}],"about":[{"href":"https:\/\/revistazetta.com\/index.php?rest_route=\/wp\/v2\/types\/post"}],"author":[{"embeddable":true,"href":"https:\/\/revistazetta.com\/index.php?rest_route=\/wp\/v2\/users\/3"}],"replies":[{"embeddable":true,"href":"https:\/\/revistazetta.com\/index.php?rest_route=%2Fwp%2Fv2%2Fcomments&post=30898"}],"version-history":[{"count":0,"href":"https:\/\/revistazetta.com\/index.php?rest_route=\/wp\/v2\/posts\/30898\/revisions"}],"wp:featuredmedia":[{"embeddable":true,"href":"https:\/\/revistazetta.com\/index.php?rest_route=\/wp\/v2\/media\/30899"}],"wp:attachment":[{"href":"https:\/\/revistazetta.com\/index.php?rest_route=%2Fwp%2Fv2%2Fmedia&parent=30898"}],"wp:term":[{"taxonomy":"category","embeddable":true,"href":"https:\/\/revistazetta.com\/index.php?rest_route=%2Fwp%2Fv2%2Fcategories&post=30898"},{"taxonomy":"post_tag","embeddable":true,"href":"https:\/\/revistazetta.com\/index.php?rest_route=%2Fwp%2Fv2%2Ftags&post=30898"}],"curies":[{"name":"wp","href":"https:\/\/api.w.org\/{rel}","templated":true}]}}