{"id":30903,"date":"2019-07-17T07:39:49","date_gmt":"2019-07-17T12:39:49","guid":{"rendered":"http:\/\/www.revistazetta.com\/?p=30903"},"modified":"2019-07-17T07:39:49","modified_gmt":"2019-07-17T12:39:49","slug":"una-ops-procuraduria-cita-yolanda-wong-audiencia-publica","status":"publish","type":"post","link":"https:\/\/revistazetta.com\/?p=30903","title":{"rendered":"Por una OPS, Procuradur\u00eda cita a Yolanda Wong a audiencia p\u00fablica"},"content":{"rendered":"<p>La Procuradur\u00eda General de la Naci\u00f3n cit\u00f3 a audiencia p\u00fablica a la exsecretaria del Interior y Convivencia Ciudadana de Cartagena, Yolanda Wong Baldiris, por presunta violaci\u00f3n a la Ley de Garant\u00edas Electorales.<\/p>\n<p>La Procuradur\u00eda Provincial de Cartagena busca establecer si la exfuncionaria firm\u00f3 un contrato de prestaci\u00f3n de servicios dentro de los cuatro meses anteriores a la primera vuelta presidencial, efectuada el 27 de mayo de 2018, con lo que aparentemente habr\u00eda infringido la normatividad legal.<\/p>\n<p>El contrato habr\u00eda sido firmado el 27 de enero de 2018 para vincular un profesional a la Secretar\u00eda Interior y Convivencia Ciudadana de Cartagena por el t\u00e9rmino de diez meses.<\/p>\n<p>Por esos hechos la Procuradur\u00eda calific\u00f3 la presunta conducta de la exfuncionaria como una falta grave, cometida a t\u00edtulo de culpa grav\u00edsima.<\/p>\n<p>Wong Baldiris puede ser escuchada en versi\u00f3n libre si as\u00ed lo desea.<\/p>\n","protected":false},"excerpt":{"rendered":"<p>La Procuradur\u00eda General de la Naci\u00f3n cit\u00f3 a audiencia p\u00fablica a la exsecretaria del Interior y Convivencia Ciudadana de Cartagena, Yolanda Wong Baldiris, por presunta violaci\u00f3n a la Ley de Garant\u00edas Electorales. La Procuradur\u00eda Provincial de Cartagena busca establecer si la exfuncionaria firm\u00f3 un contrato de prestaci\u00f3n de servicios dentro de los cuatro meses anteriores a la primera vuelta presidencial, efectuada el 27 de mayo de 2018, con lo que aparentemente habr\u00eda infringido la normatividad legal. El contrato habr\u00eda sido firmado el 27 de enero de 2018 para vincular un&#8230; <\/p>\n","protected":false},"author":3,"featured_media":30905,"comment_status":"open","ping_status":"closed","sticky":false,"template":"","format":"standard","meta":{"footnotes":"","_links_to":"","_links_to_target":""},"categories":[75],"tags":[],"class_list":["post-30903","post","type-post","status-publish","format-standard","has-post-thumbnail","hentry","category-destacada"],"_links":{"self":[{"href":"https:\/\/revistazetta.com\/index.php?rest_route=\/wp\/v2\/posts\/30903","targetHints":{"allow":["GET"]}}],"collection":[{"href":"https:\/\/revistazetta.com\/index.php?rest_route=\/wp\/v2\/posts"}],"about":[{"href":"https:\/\/revistazetta.com\/index.php?rest_route=\/wp\/v2\/types\/post"}],"author":[{"embeddable":true,"href":"https:\/\/revistazetta.com\/index.php?rest_route=\/wp\/v2\/users\/3"}],"replies":[{"embeddable":true,"href":"https:\/\/revistazetta.com\/index.php?rest_route=%2Fwp%2Fv2%2Fcomments&post=30903"}],"version-history":[{"count":0,"href":"https:\/\/revistazetta.com\/index.php?rest_route=\/wp\/v2\/posts\/30903\/revisions"}],"wp:featuredmedia":[{"embeddable":true,"href":"https:\/\/revistazetta.com\/index.php?rest_route=\/wp\/v2\/media\/30905"}],"wp:attachment":[{"href":"https:\/\/revistazetta.com\/index.php?rest_route=%2Fwp%2Fv2%2Fmedia&parent=30903"}],"wp:term":[{"taxonomy":"category","embeddable":true,"href":"https:\/\/revistazetta.com\/index.php?rest_route=%2Fwp%2Fv2%2Fcategories&post=30903"},{"taxonomy":"post_tag","embeddable":true,"href":"https:\/\/revistazetta.com\/index.php?rest_route=%2Fwp%2Fv2%2Ftags&post=30903"}],"curies":[{"name":"wp","href":"https:\/\/api.w.org\/{rel}","templated":true}]}}