{"id":30906,"date":"2019-07-17T08:52:03","date_gmt":"2019-07-17T13:52:03","guid":{"rendered":"http:\/\/www.revistazetta.com\/?p=30906"},"modified":"2019-07-17T09:24:18","modified_gmt":"2019-07-17T14:24:18","slug":"luis-daniel-se-libro-del-partido-liberal-cayo-la-doble-militancia","status":"publish","type":"post","link":"https:\/\/revistazetta.com\/?p=30906","title":{"rendered":"Luis Daniel se libr\u00f3 del partido Liberal\u2026 \u00bfy cay\u00f3 en doble militancia?"},"content":{"rendered":"<p>C\u00e9sar Gaviria se la \u201caplic\u00f3\u201d una vez, y por poco se la aplica a la segunda\u2026 pero Luis Daniel Vargas a\u00fan no est\u00e1 a salvo: no basta con tirarle un portazo al partido Liberal, ahora se trata de no estar pisando terrenos de doble militancia.<\/p>\n<p>Es la lucha por incluir su nombre en el tarjet\u00f3n de las elecciones de octubre como candidato a la Gobernaci\u00f3n de Bol\u00edvar. Insisti\u00f3, persisti\u00f3 y persever\u00f3 por obtener el aval liberal, pero el senador Lidio Garc\u00eda Turbay parece haber optado por una alianza con otro partido y no llevar candidato propio, como ocurri\u00f3 con Juan Carlos Gossa\u00edn y Dumek Turbay Paz.<\/p>\n<p>En esa dulce y larga espera, no pudo evitar los recuerdos de lo sucedido doce a\u00f1os atr\u00e1s, cuando en v\u00edsperas para la elecci\u00f3n a Congreso, el mismo C\u00e9sar Gaviria, que entonces como ahora era Director del Partido Liberal, le quit\u00f3 el aval y sus votos se fueron a la basura. No pudo ser senador.<\/p>\n<p>Fue el \u00fanico que ingres\u00f3 a la p\u00e1gina del partido y se inscribi\u00f3 como aspirante a aval, y recibi\u00f3 comunicaci\u00f3n con c\u00f3digo. Otros que estaban en la carrera por el aval no lo hicieron. Pero ni eso vali\u00f3, como tampoco los 40 a\u00f1os al servicio del partido, ni el honor de haber sido gobernador de Bol\u00edvar, ni los desvelos por todas las luchas en esa colectividad.<\/p>\n<p>Vargas S\u00e1nchez vio que sus intenciones se frustraban y, a la par que insist\u00eda en el aval, avanzaba en conversaciones con exliberales que armaron tolda aparte en el partido llamado Colombia Renaciente. Su amigo, el exministro Juan Fernando Cristo, por ejemplo.<\/p>\n<p>Colombia Renaciente es una especie de refugio pol\u00edtico de ex liberales antigaviristas, unos, y santistas, otros. All\u00ed, por ejemplo, obtuvo aval a Alcald\u00eda de Cartagena el exalcalde de Cartagena y examino derecha de Juan Manuel Santos, Sergio Londo\u00f1o Zurek.<\/p>\n<p>Lo dem\u00e1s para Luis Daniel Vargas fue carpinter\u00eda. Dado que era un hecho pol\u00edtico que el aval no llegar\u00eda, que el senador Lidio Garc\u00eda se hab\u00eda tomado m\u00e1s del tiempo razonable para decidir, y que corr\u00eda el riesgo de quedar de nuevo fuera del juego pol\u00edtico como pas\u00f3 con Gaviria Trujillo, el aval de Colombia Renaciente estaba listo. Bast\u00f3 presentar renuncia irrevocable a la militancia liberal, para recibir el documento que le permite inscribirse en Registradur\u00eda.<\/p>\n<p>\u201cNo tan r\u00e1pido\u201d le dicen desde otra orilla. Luis Daniel Vargas puede estar incurriendo en doble militancia, pues los tiempos no cuadran. La normatividad vigente endureci\u00f3 las condiciones para pasar de un partido a otro, y Vargas S\u00e1nchez estar\u00eda cobijado. La renuncia al partido liberal fue el 10 de julio y el aval formal no ha sido concedido, aunque hay un comunicado del 9 de julio donde es anunciado.<\/p>\n<p>Ser\u00e1n asuntos de minucias, precisiones, interpretaciones. Mientras una autoridad decide si hay doble militancia o no, Luis Daniel Vargas exhibe su aval y se dirige a la Registradur\u00eda a inscribir su candidatura a la Gobernaci\u00f3n de Bol\u00edvar, mirando de soslayo a Lidio Garc\u00eda.<\/p>\n<p>&nbsp;<\/p>\n<p>Nota: Luis Daniel Vargas S\u00e1nchez nos env\u00eda esta precisi\u00f3n:<\/p>\n<p><span style=\"color: #0000ff;\"><em><strong>Deseo precisar para evitar interpretaciones mal intencionadas, que a\u00fan hoy no tengo el aval de Colombia Renaciente, no ha sido expedido, se encuentra en tr\u00e1mite, a lo que se refiere el comentario de la Revista Metro, reproducido por otros medios sin verificar con la fuente, es a un comunicado del Partido Colombia Renaciente a los que se les entregar\u00e1 el aval, que es muy diferente a un acto administrativo vinculante, el cual no ha salido. La renuncia al partido liberal la presente el 10 de julio con nota de presentaci\u00f3n personal en Notar\u00eda, al secretario del directorio liberal departamental ( ver fotos) y el aval a Colombia Renaciente, lo solicit\u00e9 el 12 de julio, con nota de presentaci\u00f3n personal en Notar\u00eda (ver foto), y enviado a Cali por deprisa en la misma fecha (ver recibo de env\u00edo), raz\u00f3n por la cual los dos actos, de renuncia y solicitud de aval, fueron en fechas muy diferentes entre uno y otro, debidamente notariados y recibidos, por lo tanto no se configura ninguna doble militancia, los an\u00e1lisis deben hacerse con rigor period\u00edstico y no con el deseo pol\u00edtico, feliz d\u00eda, un abrazo<\/strong><\/em><\/span><\/p>\n","protected":false},"excerpt":{"rendered":"<p>C\u00e9sar Gaviria se la \u201caplic\u00f3\u201d una vez, y por poco se la aplica a la segunda\u2026 pero Luis Daniel Vargas a\u00fan no est\u00e1 a salvo: no basta con tirarle un portazo al partido Liberal, ahora se trata de no estar pisando terrenos de doble militancia. Es la lucha por incluir su nombre en el tarjet\u00f3n de las elecciones de octubre como candidato a la Gobernaci\u00f3n de Bol\u00edvar. Insisti\u00f3, persisti\u00f3 y persever\u00f3 por obtener el aval liberal, pero el senador Lidio Garc\u00eda Turbay parece haber optado por una alianza con otro&#8230; <\/p>\n","protected":false},"author":3,"featured_media":30907,"comment_status":"open","ping_status":"closed","sticky":false,"template":"","format":"standard","meta":{"footnotes":"","_links_to":"","_links_to_target":""},"categories":[75,4],"tags":[],"class_list":["post-30906","post","type-post","status-publish","format-standard","has-post-thumbnail","hentry","category-destacada","category-politica"],"_links":{"self":[{"href":"https:\/\/revistazetta.com\/index.php?rest_route=\/wp\/v2\/posts\/30906","targetHints":{"allow":["GET"]}}],"collection":[{"href":"https:\/\/revistazetta.com\/index.php?rest_route=\/wp\/v2\/posts"}],"about":[{"href":"https:\/\/revistazetta.com\/index.php?rest_route=\/wp\/v2\/types\/post"}],"author":[{"embeddable":true,"href":"https:\/\/revistazetta.com\/index.php?rest_route=\/wp\/v2\/users\/3"}],"replies":[{"embeddable":true,"href":"https:\/\/revistazetta.com\/index.php?rest_route=%2Fwp%2Fv2%2Fcomments&post=30906"}],"version-history":[{"count":0,"href":"https:\/\/revistazetta.com\/index.php?rest_route=\/wp\/v2\/posts\/30906\/revisions"}],"wp:featuredmedia":[{"embeddable":true,"href":"https:\/\/revistazetta.com\/index.php?rest_route=\/wp\/v2\/media\/30907"}],"wp:attachment":[{"href":"https:\/\/revistazetta.com\/index.php?rest_route=%2Fwp%2Fv2%2Fmedia&parent=30906"}],"wp:term":[{"taxonomy":"category","embeddable":true,"href":"https:\/\/revistazetta.com\/index.php?rest_route=%2Fwp%2Fv2%2Fcategories&post=30906"},{"taxonomy":"post_tag","embeddable":true,"href":"https:\/\/revistazetta.com\/index.php?rest_route=%2Fwp%2Fv2%2Ftags&post=30906"}],"curies":[{"name":"wp","href":"https:\/\/api.w.org\/{rel}","templated":true}]}}