{"id":30909,"date":"2019-07-17T09:16:43","date_gmt":"2019-07-17T14:16:43","guid":{"rendered":"http:\/\/www.revistazetta.com\/?p=30909"},"modified":"2019-07-17T09:20:02","modified_gmt":"2019-07-17T14:20:02","slug":"avalados-cambio-radical-al-concejo","status":"publish","type":"post","link":"https:\/\/revistazetta.com\/?p=30909","title":{"rendered":"Avalados por Cambio Radical al Concejo"},"content":{"rendered":"<p>Sostener las cuatro curules actuales y lograr al menos otra m\u00e1s es el objetivo pol\u00edtico del partido Cambio Radical para el Concejo de Cartagena, y para ello ha perfilado una lista con potencial para lograrlo.<\/p>\n<p>En la lista se incluyen a tres de los actuales concejales: Carlos Barrios, Wilson Toncel, Antonio Salim Guerra y Luis Cassiani. Adem\u00e1s, hay un edil que busca ascender: Juan Carlos Z\u00e1rate. De igual forma, Carlos Raad, heredero de la fortaleza pol\u00edtica de su padre, el exconcejal Adolfo Raad Hern\u00e1ndez; el m\u00e9dico Dagoberto Mac\u00edas, quien estuvo en el Concejo e intenta regresar; el empresario y deportista Camilo Galeano, que representa nuevos valores en la pol\u00edtica; el diputado Manuel Berr\u00edo, y Carlos Manuel Jim\u00e9nez.<\/p>\n<p>El lunar de la lista es Carlos Ng Ching, quien aspira en todas las elecciones y nadie se explica c\u00f3mo hace para que un partido que se considera serio, se desgaste en complacer sus fam\u00e9licos deseos.<\/p>\n<p>Esta es la lista de avalados hasta el momento:<\/p>\n<p>Carlos Barrios G\u00f3mez<br \/>\nWilson Toncel Ochoa<br \/>\nAntonio Salim Guerra<br \/>\nLuis Cassiani<br \/>\nDagoberto Mac\u00edas<br \/>\nJuan Carlos Z\u00e1rate<br \/>\nCarlos Raad<br \/>\nCamilo Galeano<br \/>\nCarlos Manuel Jim\u00e9nez<br \/>\nManuel Berr\u00edo Scaff<br \/>\nGabriel Ng Ching<\/p>\n<p>&nbsp;<\/p>\n<div id=\"attachment_30912\" style=\"width: 310px\" class=\"wp-caption alignnone\"><img loading=\"lazy\" decoding=\"async\" aria-describedby=\"caption-attachment-30912\" class=\"wp-image-30912 size-medium\" src=\"https:\/\/www.revistazetta.com\/wp-content\/uploads\/2019\/07\/Carlos-Raad-aval-300x195.jpg\" alt=\"\" width=\"300\" height=\"195\" srcset=\"https:\/\/revistazetta.com\/wp-content\/uploads\/2019\/07\/Carlos-Raad-aval-300x195.jpg 300w, https:\/\/revistazetta.com\/wp-content\/uploads\/2019\/07\/Carlos-Raad-aval-1024x666.jpg 1024w, https:\/\/revistazetta.com\/wp-content\/uploads\/2019\/07\/Carlos-Raad-aval-224x146.jpg 224w, https:\/\/revistazetta.com\/wp-content\/uploads\/2019\/07\/Carlos-Raad-aval-50x33.jpg 50w, https:\/\/revistazetta.com\/wp-content\/uploads\/2019\/07\/Carlos-Raad-aval-115x75.jpg 115w, https:\/\/revistazetta.com\/wp-content\/uploads\/2019\/07\/Carlos-Raad-aval.jpg 1125w\" sizes=\"auto, (max-width: 300px) 100vw, 300px\" \/><p id=\"caption-attachment-30912\" class=\"wp-caption-text\">Carlos Raad<\/p><\/div>\n<div id=\"attachment_30913\" style=\"width: 310px\" class=\"wp-caption alignnone\"><img loading=\"lazy\" decoding=\"async\" aria-describedby=\"caption-attachment-30913\" class=\"wp-image-30913 size-medium\" src=\"https:\/\/www.revistazetta.com\/wp-content\/uploads\/2019\/07\/Camilo-Galeano-aval-300x225.jpg\" alt=\"\" width=\"300\" height=\"225\" srcset=\"https:\/\/revistazetta.com\/wp-content\/uploads\/2019\/07\/Camilo-Galeano-aval-300x225.jpg 300w, https:\/\/revistazetta.com\/wp-content\/uploads\/2019\/07\/Camilo-Galeano-aval-1024x767.jpg 1024w, https:\/\/revistazetta.com\/wp-content\/uploads\/2019\/07\/Camilo-Galeano-aval-195x146.jpg 195w, https:\/\/revistazetta.com\/wp-content\/uploads\/2019\/07\/Camilo-Galeano-aval-50x37.jpg 50w, https:\/\/revistazetta.com\/wp-content\/uploads\/2019\/07\/Camilo-Galeano-aval-100x75.jpg 100w, https:\/\/revistazetta.com\/wp-content\/uploads\/2019\/07\/Camilo-Galeano-aval.jpg 1280w\" sizes=\"auto, (max-width: 300px) 100vw, 300px\" \/><p id=\"caption-attachment-30913\" class=\"wp-caption-text\">Camilo Galeano<\/p><\/div>\n","protected":false},"excerpt":{"rendered":"<p>Sostener las cuatro curules actuales y lograr al menos otra m\u00e1s es el objetivo pol\u00edtico del partido Cambio Radical para el Concejo de Cartagena, y para ello ha perfilado una lista con potencial para lograrlo. En la lista se incluyen a tres de los actuales concejales: Carlos Barrios, Wilson Toncel, Antonio Salim Guerra y Luis Cassiani. Adem\u00e1s, hay un edil que busca ascender: Juan Carlos Z\u00e1rate. De igual forma, Carlos Raad, heredero de la fortaleza pol\u00edtica de su padre, el exconcejal Adolfo Raad Hern\u00e1ndez; el m\u00e9dico Dagoberto Mac\u00edas, quien estuvo&#8230; <\/p>\n","protected":false},"author":3,"featured_media":30910,"comment_status":"open","ping_status":"closed","sticky":false,"template":"","format":"standard","meta":{"footnotes":"","_links_to":"","_links_to_target":""},"categories":[75,4],"tags":[],"class_list":["post-30909","post","type-post","status-publish","format-standard","has-post-thumbnail","hentry","category-destacada","category-politica"],"_links":{"self":[{"href":"https:\/\/revistazetta.com\/index.php?rest_route=\/wp\/v2\/posts\/30909","targetHints":{"allow":["GET"]}}],"collection":[{"href":"https:\/\/revistazetta.com\/index.php?rest_route=\/wp\/v2\/posts"}],"about":[{"href":"https:\/\/revistazetta.com\/index.php?rest_route=\/wp\/v2\/types\/post"}],"author":[{"embeddable":true,"href":"https:\/\/revistazetta.com\/index.php?rest_route=\/wp\/v2\/users\/3"}],"replies":[{"embeddable":true,"href":"https:\/\/revistazetta.com\/index.php?rest_route=%2Fwp%2Fv2%2Fcomments&post=30909"}],"version-history":[{"count":0,"href":"https:\/\/revistazetta.com\/index.php?rest_route=\/wp\/v2\/posts\/30909\/revisions"}],"wp:featuredmedia":[{"embeddable":true,"href":"https:\/\/revistazetta.com\/index.php?rest_route=\/wp\/v2\/media\/30910"}],"wp:attachment":[{"href":"https:\/\/revistazetta.com\/index.php?rest_route=%2Fwp%2Fv2%2Fmedia&parent=30909"}],"wp:term":[{"taxonomy":"category","embeddable":true,"href":"https:\/\/revistazetta.com\/index.php?rest_route=%2Fwp%2Fv2%2Fcategories&post=30909"},{"taxonomy":"post_tag","embeddable":true,"href":"https:\/\/revistazetta.com\/index.php?rest_route=%2Fwp%2Fv2%2Ftags&post=30909"}],"curies":[{"name":"wp","href":"https:\/\/api.w.org\/{rel}","templated":true}]}}