{"id":30915,"date":"2019-07-17T10:15:03","date_gmt":"2019-07-17T15:15:03","guid":{"rendered":"http:\/\/www.revistazetta.com\/?p=30915"},"modified":"2019-07-17T10:15:03","modified_gmt":"2019-07-17T15:15:03","slug":"avales-del-partido-liberal-alcaldias-municipales-bolivar","status":"publish","type":"post","link":"https:\/\/revistazetta.com\/?p=30915","title":{"rendered":"Avales del partido Liberal a Alcald\u00edas Municipales en Bol\u00edvar"},"content":{"rendered":"<p>El Partido Liberal concedi\u00f3 estos 32 avales para candidatos a Alcald\u00edas Municipales. La entrega correspondi\u00f3 al senador Lidio Garc\u00eda Turbay.<\/p>\n<p>&nbsp;<\/p>\n<p><strong>Ach\u00ed\u00a0\u00a0\u00a0\u00a0\u00a0\u00a0\u00a0\u00a0\u00a0\u00a0\u00a0\u00a0\u00a0\u00a0\u00a0\u00a0\u00a0\u00a0\u00a0\u00a0\u00a0\u00a0\u00a0\u00a0\u00a0\u00a0\u00a0\u00a0 <\/strong>Juan Carlos Becerra<\/p>\n<p><strong>Altos del Rosario \u00a0\u00a0<\/strong>Amaury Montes<\/p>\n<p><strong>Arjona\u00a0\u00a0\u00a0\u00a0\u00a0\u00a0\u00a0\u00a0\u00a0\u00a0\u00a0\u00a0\u00a0\u00a0\u00a0\u00a0\u00a0\u00a0\u00a0\u00a0\u00a0\u00a0\u00a0\u00a0 <\/strong>Rodrigo Guardo<\/p>\n<p><strong>Calamar\u00a0\u00a0\u00a0\u00a0\u00a0\u00a0\u00a0\u00a0\u00a0\u00a0\u00a0\u00a0\u00a0\u00a0\u00a0\u00a0\u00a0\u00a0\u00a0\u00a0\u00a0 <\/strong>Juan Guillermo Hern\u00e1ndez<\/p>\n<p><strong>Cantagallo\u00a0\u00a0\u00a0\u00a0\u00a0\u00a0\u00a0\u00a0\u00a0\u00a0\u00a0\u00a0\u00a0\u00a0\u00a0\u00a0\u00a0 <\/strong>Yaneth Cortez<\/p>\n<p><strong>Cicuco\u00a0\u00a0\u00a0\u00a0\u00a0\u00a0\u00a0\u00a0\u00a0\u00a0\u00a0\u00a0\u00a0\u00a0\u00a0\u00a0\u00a0\u00a0\u00a0\u00a0\u00a0\u00a0\u00a0\u00a0 <\/strong>Vladimir Granados<\/p>\n<p><strong>Clemencia\u00a0\u00a0\u00a0\u00a0\u00a0\u00a0\u00a0\u00a0\u00a0\u00a0\u00a0\u00a0\u00a0\u00a0\u00a0\u00a0\u00a0\u00a0 <\/strong>Jaime Coneo<\/p>\n<p><strong>Cordoba\u00a0\u00a0\u00a0\u00a0\u00a0\u00a0\u00a0\u00a0\u00a0\u00a0\u00a0\u00a0\u00a0\u00a0\u00a0\u00a0\u00a0\u00a0\u00a0\u00a0\u00a0 <\/strong>Carlos Jos\u00e9 Villamil<\/p>\n<p><strong>El Carmen\u00a0\u00a0\u00a0\u00a0\u00a0\u00a0\u00a0\u00a0\u00a0\u00a0\u00a0\u00a0\u00a0\u00a0\u00a0\u00a0\u00a0\u00a0 <\/strong>Eli\u00e9cer Mart\u00ednez<\/p>\n<p><strong>El Guamo\u00a0\u00a0\u00a0\u00a0\u00a0\u00a0\u00a0\u00a0\u00a0\u00a0\u00a0\u00a0\u00a0\u00a0\u00a0\u00a0\u00a0\u00a0\u00a0 <\/strong>Jorge Eliecer Padilla<\/p>\n<p><strong>El Pe\u00f1\u00f3n\u00a0\u00a0\u00a0\u00a0\u00a0\u00a0\u00a0\u00a0\u00a0\u00a0\u00a0\u00a0\u00a0\u00a0\u00a0\u00a0\u00a0\u00a0\u00a0\u00a0\u00a0 <\/strong>Ketty Arias<\/p>\n<p><strong>Magangu\u00e9\u00a0\u00a0\u00a0\u00a0\u00a0\u00a0\u00a0\u00a0\u00a0\u00a0\u00a0\u00a0\u00a0\u00a0\u00a0\u00a0\u00a0 <\/strong>Carlos Cabrales<\/p>\n<p><strong>Mahates\u00a0\u00a0\u00a0\u00a0\u00a0\u00a0\u00a0\u00a0\u00a0\u00a0\u00a0\u00a0\u00a0\u00a0\u00a0\u00a0\u00a0\u00a0\u00a0\u00a0 <\/strong>Waldy Selu\u00e1n<\/p>\n<p><strong>Margarita\u00a0\u00a0\u00a0\u00a0\u00a0\u00a0\u00a0\u00a0\u00a0\u00a0\u00a0\u00a0\u00a0\u00a0\u00a0\u00a0\u00a0\u00a0 <\/strong>Dilia Bello<\/p>\n<p><strong>Montecristo\u00a0\u00a0\u00a0\u00a0\u00a0\u00a0\u00a0\u00a0\u00a0\u00a0\u00a0\u00a0\u00a0\u00a0\u00a0 <\/strong>Oscar Vergara<\/p>\n<p><strong>Morales\u00a0\u00a0\u00a0\u00a0\u00a0\u00a0\u00a0\u00a0\u00a0\u00a0\u00a0\u00a0\u00a0\u00a0\u00a0\u00a0\u00a0\u00a0\u00a0\u00a0\u00a0 <\/strong>Marcelo Rincones<\/p>\n<p><strong>Noros\u00ed\u00a0\u00a0\u00a0\u00a0\u00a0\u00a0\u00a0\u00a0\u00a0\u00a0\u00a0\u00a0\u00a0\u00a0\u00a0\u00a0\u00a0\u00a0\u00a0\u00a0\u00a0\u00a0\u00a0\u00a0 <\/strong>Daimar Jim\u00e9nez<\/p>\n<p><strong>Pinillos\u00a0\u00a0\u00a0\u00a0\u00a0\u00a0\u00a0\u00a0\u00a0\u00a0\u00a0\u00a0\u00a0\u00a0\u00a0\u00a0\u00a0\u00a0\u00a0\u00a0\u00a0\u00a0\u00a0 <\/strong>Alcides Gulloso<\/p>\n<p><strong>Regidor\u00a0\u00a0\u00a0\u00a0\u00a0\u00a0\u00a0\u00a0\u00a0\u00a0\u00a0\u00a0\u00a0\u00a0\u00a0\u00a0\u00a0\u00a0\u00a0\u00a0\u00a0\u00a0 <\/strong>Ezequiel Rueda<\/p>\n<p><strong>Rio Viejo\u00a0\u00a0\u00a0\u00a0\u00a0\u00a0\u00a0\u00a0\u00a0\u00a0\u00a0\u00a0\u00a0\u00a0\u00a0\u00a0\u00a0\u00a0\u00a0\u00a0 <\/strong>Luis Mej\u00eda<\/p>\n<p><strong>San Estanislao\u00a0\u00a0\u00a0\u00a0\u00a0\u00a0\u00a0\u00a0\u00a0\u00a0\u00a0 <\/strong>Rafi Valle<\/p>\n<p><strong>San Fernando\u00a0\u00a0\u00a0\u00a0\u00a0\u00a0\u00a0\u00a0\u00a0\u00a0\u00a0\u00a0 <\/strong>Josefina Jim\u00e9nez<\/p>\n<p><strong>San Jacinto\u00a0\u00a0\u00a0\u00a0\u00a0\u00a0\u00a0\u00a0\u00a0\u00a0\u00a0\u00a0\u00a0\u00a0\u00a0\u00a0 <\/strong>Omar Blanco<\/p>\n<p><strong>San J.del Cauca\u00a0\u00a0\u00a0\u00a0\u00a0\u00a0\u00a0\u00a0\u00a0\u00a0 <\/strong>Marcial Ch\u00e1vez<\/p>\n<p><strong>San Juan Nepo\u00a0\u00a0\u00a0\u00a0\u00a0\u00a0\u00a0\u00a0\u00a0\u00a0\u00a0 <\/strong>Iv\u00e1n Arrieta<\/p>\n<p><strong>San Pablo\u00a0\u00a0\u00a0\u00a0\u00a0\u00a0\u00a0\u00a0\u00a0\u00a0\u00a0\u00a0\u00a0\u00a0\u00a0\u00a0\u00a0\u00a0\u00a0 <\/strong>Omar Boh\u00f3rquez<\/p>\n<p><strong>Santa Rosa\u00a0\u00a0\u00a0\u00a0\u00a0\u00a0\u00a0\u00a0\u00a0\u00a0\u00a0\u00a0\u00a0\u00a0\u00a0\u00a0 <\/strong>Mario Rodr\u00edguez<\/p>\n<p><strong>Santa Rosa Sur\u00a0\u00a0\u00a0\u00a0\u00a0\u00a0\u00a0\u00a0\u00a0\u00a0 <\/strong>Herney Olaya<\/p>\n<p><strong>Soplaviento\u00a0\u00a0\u00a0\u00a0\u00a0\u00a0\u00a0\u00a0\u00a0\u00a0\u00a0\u00a0\u00a0\u00a0\u00a0 <\/strong>Jos\u00e9 Enrique Romero<\/p>\n<p><strong>Talaigua\u00a0\u00a0\u00a0\u00a0\u00a0\u00a0\u00a0\u00a0\u00a0\u00a0\u00a0\u00a0\u00a0\u00a0\u00a0\u00a0\u00a0\u00a0\u00a0\u00a0\u00a0 <\/strong>Cecil Rib\u00f3n<\/p>\n<p><strong>Villanueva\u00a0\u00a0\u00a0\u00a0\u00a0\u00a0\u00a0\u00a0\u00a0\u00a0\u00a0\u00a0\u00a0\u00a0\u00a0\u00a0\u00a0 <\/strong>Julio S\u00e1nchez<\/p>\n<p><strong>Zambrano\u00a0\u00a0\u00a0\u00a0\u00a0\u00a0\u00a0\u00a0\u00a0\u00a0\u00a0\u00a0\u00a0\u00a0\u00a0\u00a0\u00a0\u00a0 <\/strong>Jes\u00fas David Dur\u00e1n<\/p>\n<p><img loading=\"lazy\" decoding=\"async\" class=\"aligncenter wp-image-30916 size-full\" src=\"https:\/\/www.revistazetta.com\/wp-content\/uploads\/2019\/07\/Liberal-1.jpg\" alt=\"\" width=\"896\" height=\"560\" srcset=\"https:\/\/revistazetta.com\/wp-content\/uploads\/2019\/07\/Liberal-1.jpg 896w, https:\/\/revistazetta.com\/wp-content\/uploads\/2019\/07\/Liberal-1-300x188.jpg 300w, https:\/\/revistazetta.com\/wp-content\/uploads\/2019\/07\/Liberal-1-234x146.jpg 234w, https:\/\/revistazetta.com\/wp-content\/uploads\/2019\/07\/Liberal-1-50x31.jpg 50w, https:\/\/revistazetta.com\/wp-content\/uploads\/2019\/07\/Liberal-1-120x75.jpg 120w\" sizes=\"auto, (max-width: 896px) 100vw, 896px\" \/> <img loading=\"lazy\" decoding=\"async\" class=\"aligncenter wp-image-30917 size-full\" src=\"https:\/\/www.revistazetta.com\/wp-content\/uploads\/2019\/07\/Liberal-2.jpg\" alt=\"\" width=\"896\" height=\"560\" srcset=\"https:\/\/revistazetta.com\/wp-content\/uploads\/2019\/07\/Liberal-2.jpg 896w, https:\/\/revistazetta.com\/wp-content\/uploads\/2019\/07\/Liberal-2-300x188.jpg 300w, https:\/\/revistazetta.com\/wp-content\/uploads\/2019\/07\/Liberal-2-234x146.jpg 234w, https:\/\/revistazetta.com\/wp-content\/uploads\/2019\/07\/Liberal-2-50x31.jpg 50w, https:\/\/revistazetta.com\/wp-content\/uploads\/2019\/07\/Liberal-2-120x75.jpg 120w\" sizes=\"auto, (max-width: 896px) 100vw, 896px\" \/> <img loading=\"lazy\" decoding=\"async\" class=\"aligncenter wp-image-30918 size-full\" src=\"https:\/\/www.revistazetta.com\/wp-content\/uploads\/2019\/07\/Liberal-3.jpg\" alt=\"\" width=\"896\" height=\"560\" srcset=\"https:\/\/revistazetta.com\/wp-content\/uploads\/2019\/07\/Liberal-3.jpg 896w, https:\/\/revistazetta.com\/wp-content\/uploads\/2019\/07\/Liberal-3-300x188.jpg 300w, https:\/\/revistazetta.com\/wp-content\/uploads\/2019\/07\/Liberal-3-234x146.jpg 234w, https:\/\/revistazetta.com\/wp-content\/uploads\/2019\/07\/Liberal-3-50x31.jpg 50w, https:\/\/revistazetta.com\/wp-content\/uploads\/2019\/07\/Liberal-3-120x75.jpg 120w\" sizes=\"auto, (max-width: 896px) 100vw, 896px\" \/> <img loading=\"lazy\" decoding=\"async\" class=\"aligncenter wp-image-30919 size-full\" src=\"https:\/\/www.revistazetta.com\/wp-content\/uploads\/2019\/07\/Liberal-4.jpg\" alt=\"\" width=\"896\" height=\"560\" srcset=\"https:\/\/revistazetta.com\/wp-content\/uploads\/2019\/07\/Liberal-4.jpg 896w, https:\/\/revistazetta.com\/wp-content\/uploads\/2019\/07\/Liberal-4-300x188.jpg 300w, https:\/\/revistazetta.com\/wp-content\/uploads\/2019\/07\/Liberal-4-234x146.jpg 234w, https:\/\/revistazetta.com\/wp-content\/uploads\/2019\/07\/Liberal-4-50x31.jpg 50w, https:\/\/revistazetta.com\/wp-content\/uploads\/2019\/07\/Liberal-4-120x75.jpg 120w\" sizes=\"auto, (max-width: 896px) 100vw, 896px\" \/><\/p>\n","protected":false},"excerpt":{"rendered":"<p>El Partido Liberal concedi\u00f3 estos 32 avales para candidatos a Alcald\u00edas Municipales. La entrega correspondi\u00f3 al senador Lidio Garc\u00eda Turbay. &nbsp; Ach\u00ed\u00a0\u00a0\u00a0\u00a0\u00a0\u00a0\u00a0\u00a0\u00a0\u00a0\u00a0\u00a0\u00a0\u00a0\u00a0\u00a0\u00a0\u00a0\u00a0\u00a0\u00a0\u00a0\u00a0\u00a0\u00a0\u00a0\u00a0\u00a0 Juan Carlos Becerra Altos del Rosario \u00a0\u00a0Amaury Montes Arjona\u00a0\u00a0\u00a0\u00a0\u00a0\u00a0\u00a0\u00a0\u00a0\u00a0\u00a0\u00a0\u00a0\u00a0\u00a0\u00a0\u00a0\u00a0\u00a0\u00a0\u00a0\u00a0\u00a0\u00a0 Rodrigo Guardo Calamar\u00a0\u00a0\u00a0\u00a0\u00a0\u00a0\u00a0\u00a0\u00a0\u00a0\u00a0\u00a0\u00a0\u00a0\u00a0\u00a0\u00a0\u00a0\u00a0\u00a0\u00a0 Juan Guillermo Hern\u00e1ndez Cantagallo\u00a0\u00a0\u00a0\u00a0\u00a0\u00a0\u00a0\u00a0\u00a0\u00a0\u00a0\u00a0\u00a0\u00a0\u00a0\u00a0\u00a0 Yaneth Cortez Cicuco\u00a0\u00a0\u00a0\u00a0\u00a0\u00a0\u00a0\u00a0\u00a0\u00a0\u00a0\u00a0\u00a0\u00a0\u00a0\u00a0\u00a0\u00a0\u00a0\u00a0\u00a0\u00a0\u00a0\u00a0 Vladimir Granados Clemencia\u00a0\u00a0\u00a0\u00a0\u00a0\u00a0\u00a0\u00a0\u00a0\u00a0\u00a0\u00a0\u00a0\u00a0\u00a0\u00a0\u00a0\u00a0 Jaime Coneo Cordoba\u00a0\u00a0\u00a0\u00a0\u00a0\u00a0\u00a0\u00a0\u00a0\u00a0\u00a0\u00a0\u00a0\u00a0\u00a0\u00a0\u00a0\u00a0\u00a0\u00a0\u00a0 Carlos Jos\u00e9 Villamil El Carmen\u00a0\u00a0\u00a0\u00a0\u00a0\u00a0\u00a0\u00a0\u00a0\u00a0\u00a0\u00a0\u00a0\u00a0\u00a0\u00a0\u00a0\u00a0 Eli\u00e9cer Mart\u00ednez El Guamo\u00a0\u00a0\u00a0\u00a0\u00a0\u00a0\u00a0\u00a0\u00a0\u00a0\u00a0\u00a0\u00a0\u00a0\u00a0\u00a0\u00a0\u00a0\u00a0 Jorge Eliecer Padilla El Pe\u00f1\u00f3n\u00a0\u00a0\u00a0\u00a0\u00a0\u00a0\u00a0\u00a0\u00a0\u00a0\u00a0\u00a0\u00a0\u00a0\u00a0\u00a0\u00a0\u00a0\u00a0\u00a0\u00a0 Ketty Arias Magangu\u00e9\u00a0\u00a0\u00a0\u00a0\u00a0\u00a0\u00a0\u00a0\u00a0\u00a0\u00a0\u00a0\u00a0\u00a0\u00a0\u00a0\u00a0 Carlos Cabrales Mahates\u00a0\u00a0\u00a0\u00a0\u00a0\u00a0\u00a0\u00a0\u00a0\u00a0\u00a0\u00a0\u00a0\u00a0\u00a0\u00a0\u00a0\u00a0\u00a0\u00a0 Waldy Selu\u00e1n Margarita\u00a0\u00a0\u00a0\u00a0\u00a0\u00a0\u00a0\u00a0\u00a0\u00a0\u00a0\u00a0\u00a0\u00a0\u00a0\u00a0\u00a0\u00a0 Dilia Bello Montecristo\u00a0\u00a0\u00a0\u00a0\u00a0\u00a0\u00a0\u00a0\u00a0\u00a0\u00a0\u00a0\u00a0\u00a0\u00a0 Oscar Vergara Morales\u00a0\u00a0\u00a0\u00a0\u00a0\u00a0\u00a0\u00a0\u00a0\u00a0\u00a0\u00a0\u00a0\u00a0\u00a0\u00a0\u00a0\u00a0\u00a0\u00a0\u00a0 Marcelo Rincones Noros\u00ed\u00a0\u00a0\u00a0\u00a0\u00a0\u00a0\u00a0\u00a0\u00a0\u00a0\u00a0\u00a0\u00a0\u00a0\u00a0\u00a0\u00a0\u00a0\u00a0\u00a0\u00a0\u00a0\u00a0\u00a0 Daimar Jim\u00e9nez Pinillos\u00a0\u00a0\u00a0\u00a0\u00a0\u00a0\u00a0\u00a0\u00a0\u00a0\u00a0\u00a0\u00a0\u00a0\u00a0\u00a0\u00a0\u00a0\u00a0\u00a0\u00a0\u00a0\u00a0 Alcides Gulloso Regidor\u00a0\u00a0\u00a0\u00a0\u00a0\u00a0\u00a0\u00a0\u00a0\u00a0\u00a0\u00a0\u00a0\u00a0\u00a0\u00a0\u00a0\u00a0\u00a0\u00a0\u00a0\u00a0 Ezequiel Rueda Rio Viejo\u00a0\u00a0\u00a0\u00a0\u00a0\u00a0\u00a0\u00a0\u00a0\u00a0\u00a0\u00a0\u00a0\u00a0\u00a0\u00a0\u00a0\u00a0\u00a0\u00a0 Luis&#8230; <\/p>\n","protected":false},"author":3,"featured_media":30920,"comment_status":"open","ping_status":"closed","sticky":false,"template":"","format":"standard","meta":{"footnotes":"","_links_to":"","_links_to_target":""},"categories":[75,4],"tags":[],"class_list":["post-30915","post","type-post","status-publish","format-standard","has-post-thumbnail","hentry","category-destacada","category-politica"],"_links":{"self":[{"href":"https:\/\/revistazetta.com\/index.php?rest_route=\/wp\/v2\/posts\/30915","targetHints":{"allow":["GET"]}}],"collection":[{"href":"https:\/\/revistazetta.com\/index.php?rest_route=\/wp\/v2\/posts"}],"about":[{"href":"https:\/\/revistazetta.com\/index.php?rest_route=\/wp\/v2\/types\/post"}],"author":[{"embeddable":true,"href":"https:\/\/revistazetta.com\/index.php?rest_route=\/wp\/v2\/users\/3"}],"replies":[{"embeddable":true,"href":"https:\/\/revistazetta.com\/index.php?rest_route=%2Fwp%2Fv2%2Fcomments&post=30915"}],"version-history":[{"count":0,"href":"https:\/\/revistazetta.com\/index.php?rest_route=\/wp\/v2\/posts\/30915\/revisions"}],"wp:featuredmedia":[{"embeddable":true,"href":"https:\/\/revistazetta.com\/index.php?rest_route=\/wp\/v2\/media\/30920"}],"wp:attachment":[{"href":"https:\/\/revistazetta.com\/index.php?rest_route=%2Fwp%2Fv2%2Fmedia&parent=30915"}],"wp:term":[{"taxonomy":"category","embeddable":true,"href":"https:\/\/revistazetta.com\/index.php?rest_route=%2Fwp%2Fv2%2Fcategories&post=30915"},{"taxonomy":"post_tag","embeddable":true,"href":"https:\/\/revistazetta.com\/index.php?rest_route=%2Fwp%2Fv2%2Ftags&post=30915"}],"curies":[{"name":"wp","href":"https:\/\/api.w.org\/{rel}","templated":true}]}}