{"id":30922,"date":"2019-07-17T16:53:10","date_gmt":"2019-07-17T21:53:10","guid":{"rendered":"http:\/\/www.revistazetta.com\/?p=30922"},"modified":"2019-07-17T16:53:10","modified_gmt":"2019-07-17T21:53:10","slug":"concejo-reacio-otorgar-permiso-al-personero-viajar-usa","status":"publish","type":"post","link":"https:\/\/revistazetta.com\/?p=30922","title":{"rendered":"Concejo reacio a otorgar permiso al Personero para viajar a USA"},"content":{"rendered":"<p>El Concejo de Cartagena se mostr\u00f3 reacio a conceder permiso al Personero Distrital William Matson Ospino, para viajar a Estados Unidos.<\/p>\n<p>Seg\u00fan la solicitud del funcionario, el permiso es para salir del pa\u00eds del 22 al 28 del mes en curso y viajar a los Estados Unidos a un evento de car\u00e1cter empresarial.<\/p>\n<p>La concejal Ang\u00e9lica Hodeg se\u00f1al\u00f3 que no entiende tal solicitud puesto que se trata de un evento de emprendedores empresariales, de importaciones y exportaciones. \u00abS\u00ed quiere viajar, es mejor que pida vacaciones\u00bb, concluy\u00f3.<\/p>\n<p>El concejal Javier Curi Osorio, de la bancada Liberal, dijo que se trata de un evento con todo un \u00e1mbito de desarrollo econ\u00f3mico empresarial y no toca para nada con el tema de protecci\u00f3n de los Derechos Humanos.<\/p>\n<p>Los concejales aplazaron la aprobaci\u00f3n del permiso solicitado por el personero hasta tanto se tenga una respuesta de sus asesores jur\u00eddicos.<\/p>\n<p>&nbsp;<\/p>\n","protected":false},"excerpt":{"rendered":"<p>El Concejo de Cartagena se mostr\u00f3 reacio a conceder permiso al Personero Distrital William Matson Ospino, para viajar a Estados Unidos. Seg\u00fan la solicitud del funcionario, el permiso es para salir del pa\u00eds del 22 al 28 del mes en curso y viajar a los Estados Unidos a un evento de car\u00e1cter empresarial. La concejal Ang\u00e9lica Hodeg se\u00f1al\u00f3 que no entiende tal solicitud puesto que se trata de un evento de emprendedores empresariales, de importaciones y exportaciones. \u00abS\u00ed quiere viajar, es mejor que pida vacaciones\u00bb, concluy\u00f3. El concejal Javier Curi&#8230; <\/p>\n","protected":false},"author":3,"featured_media":30923,"comment_status":"open","ping_status":"closed","sticky":false,"template":"","format":"standard","meta":{"footnotes":"","_links_to":"","_links_to_target":""},"categories":[75,27,4],"tags":[],"class_list":["post-30922","post","type-post","status-publish","format-standard","has-post-thumbnail","hentry","category-destacada","category-politicaconcejo","category-politica"],"_links":{"self":[{"href":"https:\/\/revistazetta.com\/index.php?rest_route=\/wp\/v2\/posts\/30922","targetHints":{"allow":["GET"]}}],"collection":[{"href":"https:\/\/revistazetta.com\/index.php?rest_route=\/wp\/v2\/posts"}],"about":[{"href":"https:\/\/revistazetta.com\/index.php?rest_route=\/wp\/v2\/types\/post"}],"author":[{"embeddable":true,"href":"https:\/\/revistazetta.com\/index.php?rest_route=\/wp\/v2\/users\/3"}],"replies":[{"embeddable":true,"href":"https:\/\/revistazetta.com\/index.php?rest_route=%2Fwp%2Fv2%2Fcomments&post=30922"}],"version-history":[{"count":0,"href":"https:\/\/revistazetta.com\/index.php?rest_route=\/wp\/v2\/posts\/30922\/revisions"}],"wp:featuredmedia":[{"embeddable":true,"href":"https:\/\/revistazetta.com\/index.php?rest_route=\/wp\/v2\/media\/30923"}],"wp:attachment":[{"href":"https:\/\/revistazetta.com\/index.php?rest_route=%2Fwp%2Fv2%2Fmedia&parent=30922"}],"wp:term":[{"taxonomy":"category","embeddable":true,"href":"https:\/\/revistazetta.com\/index.php?rest_route=%2Fwp%2Fv2%2Fcategories&post=30922"},{"taxonomy":"post_tag","embeddable":true,"href":"https:\/\/revistazetta.com\/index.php?rest_route=%2Fwp%2Fv2%2Ftags&post=30922"}],"curies":[{"name":"wp","href":"https:\/\/api.w.org\/{rel}","templated":true}]}}