{"id":30926,"date":"2019-07-17T18:11:40","date_gmt":"2019-07-17T23:11:40","guid":{"rendered":"http:\/\/www.revistazetta.com\/?p=30926"},"modified":"2019-07-17T18:11:40","modified_gmt":"2019-07-17T23:11:40","slug":"ascenso-avanzamos-meta-real-cartagena","status":"publish","type":"post","link":"https:\/\/revistazetta.com\/?p=30926","title":{"rendered":"\u00abAscenso con A de Avanzamos\u00bb, meta para el Real Cartagena"},"content":{"rendered":"<p><img loading=\"lazy\" decoding=\"async\" class=\"size-medium wp-image-30931 alignright\" src=\"https:\/\/www.revistazetta.com\/wp-content\/uploads\/2019\/07\/PHOTO-2019-07-17-15-16-37-300x200.jpg\" alt=\"\" width=\"300\" height=\"200\" srcset=\"https:\/\/revistazetta.com\/wp-content\/uploads\/2019\/07\/PHOTO-2019-07-17-15-16-37-300x200.jpg 300w, https:\/\/revistazetta.com\/wp-content\/uploads\/2019\/07\/PHOTO-2019-07-17-15-16-37-1024x682.jpg 1024w, https:\/\/revistazetta.com\/wp-content\/uploads\/2019\/07\/PHOTO-2019-07-17-15-16-37-219x146.jpg 219w, https:\/\/revistazetta.com\/wp-content\/uploads\/2019\/07\/PHOTO-2019-07-17-15-16-37-50x33.jpg 50w, https:\/\/revistazetta.com\/wp-content\/uploads\/2019\/07\/PHOTO-2019-07-17-15-16-37-113x75.jpg 113w, https:\/\/revistazetta.com\/wp-content\/uploads\/2019\/07\/PHOTO-2019-07-17-15-16-37.jpg 1280w\" sizes=\"auto, (max-width: 300px) 100vw, 300px\" \/>El gobernador de Bol\u00edvar, Dumek \u00a0Turbay Paz, y el presidente del Real Cartagena, Rodrigo Alejandro Rend\u00f3n, encabezaron<br \/>\nla presentaci\u00f3n de los refuerzos que encarar\u00e1n la segunda parte del a\u00f1o. El primer mandatario de los bolivarenses manifest\u00f3 que en estos pr\u00f3ximos 130 d\u00edas los que durar\u00e1 el torneo no se escatimar\u00e1n esfuerzos para lograr este anhelado prop\u00f3sito que es ver a Real Cartagena presente en la divisi\u00f3n de honor del f\u00fatbol profesional colombiano.<\/p>\n<p>El gobernador Dumek Turbay Paz destac\u00f3 que \u2018ascenso se escribe y se siente con la letra A de \u2018Avanzamos\u2019, el ya caracter\u00edstico grito de batalla que se ha forjado el l\u00edder departamental en estos tres a\u00f1os y medio de trabajo constante y permanente por el desarrollo regional.<\/p>\n<p>El gobernante bolivarense, reconocido aficionado al Real Cartagena, expres\u00f3 su m\u00e1s sentido p\u00e9same al presidente de la instituci\u00f3n deportiva ante el fallecimiento del m\u00e1ximo accionista del club, Rodrigo Rend\u00f3n.<\/p>\n<p><img loading=\"lazy\" decoding=\"async\" class=\"size-medium wp-image-30930 alignright\" src=\"https:\/\/www.revistazetta.com\/wp-content\/uploads\/2019\/07\/PHOTO-2019-07-17-15-16-36-300x200.jpg\" alt=\"\" width=\"300\" height=\"200\" srcset=\"https:\/\/revistazetta.com\/wp-content\/uploads\/2019\/07\/PHOTO-2019-07-17-15-16-36-300x200.jpg 300w, https:\/\/revistazetta.com\/wp-content\/uploads\/2019\/07\/PHOTO-2019-07-17-15-16-36-1024x682.jpg 1024w, https:\/\/revistazetta.com\/wp-content\/uploads\/2019\/07\/PHOTO-2019-07-17-15-16-36-219x146.jpg 219w, https:\/\/revistazetta.com\/wp-content\/uploads\/2019\/07\/PHOTO-2019-07-17-15-16-36-50x33.jpg 50w, https:\/\/revistazetta.com\/wp-content\/uploads\/2019\/07\/PHOTO-2019-07-17-15-16-36-113x75.jpg 113w, https:\/\/revistazetta.com\/wp-content\/uploads\/2019\/07\/PHOTO-2019-07-17-15-16-36.jpg 1280w\" sizes=\"auto, (max-width: 300px) 100vw, 300px\" \/>\u201cDebemos remar todos hac\u00eda el mismo lado. Aqu\u00ed hay una causa esencial para la unidad de todo nuestro territorio y es el querido ascenso del Real Cartagena a la Primera Divisi\u00f3n del f\u00fatbol rentado en el pa\u00eds. Estoy seguro que la base de los 17 jugadores que permanecen y los refuerzos que llegan, como Harrison Ot\u00e1lvaro, Yorleys Mena y la vuelta de un \u00eddolo como Jos\u00e9 Manuel N\u00e1jera, el \u00e9xito del Real Cartagena llegar\u00e1 finalmente para este final de a\u00f1o con la ayuda de Dios\u201d, reiter\u00f3 el gobernador de Bol\u00edvar.<\/p>\n<p>Fueron presentados con los nuevos uniformes que lucir\u00e1n en este nuevo reto que inicia en el municipio vallecaucano de Palmira, donde Real Cartagena debutar\u00e1 ante el conjunto de Orsomarso este s\u00e1bado 20 de julio.<\/p>\n<p>Ante los trabajos de refacci\u00f3n que se adelantan por los pr\u00f3ximos Juegos Deportivos Nacionales y Paranacionales a realizarse en Cartagena y Bol\u00edvar, el Real afrontar\u00e1 sus primeros partidos de local en el estadio \u2018Romelio Mart\u00ednez\u2019 de la ciudad de Barranquilla. El gobernador Turbay, anunci\u00f3 que la entrada en esta oportunidad ser\u00e1 nuevamente gratuita para toda la hinchada realista que acompa\u00f1e al equipo.<\/p>\n<p>La presentaci\u00f3n de los refuerzos del onceno heroico fue efectuada en el sal\u00f3n \u2018Juvenal Urbina\u2019 de la Casa de La Moneda, sede del Gobierno Departamental.<\/p>\n<p>De la jornada participaron funcionarios de entidades territoriales, representantes de medios de comunicaci\u00f3n, miembros de barras y la prensa deportiva especializada de Cartagena y Bol\u00edvar.<\/p>\n<p><img loading=\"lazy\" decoding=\"async\" class=\"alignnone size-medium wp-image-30929\" src=\"https:\/\/www.revistazetta.com\/wp-content\/uploads\/2019\/07\/PHOTO-2019-07-17-15-16-36-2-300x200.jpg\" alt=\"\" width=\"300\" height=\"200\" srcset=\"https:\/\/revistazetta.com\/wp-content\/uploads\/2019\/07\/PHOTO-2019-07-17-15-16-36-2-300x200.jpg 300w, https:\/\/revistazetta.com\/wp-content\/uploads\/2019\/07\/PHOTO-2019-07-17-15-16-36-2-1024x682.jpg 1024w, https:\/\/revistazetta.com\/wp-content\/uploads\/2019\/07\/PHOTO-2019-07-17-15-16-36-2-219x146.jpg 219w, https:\/\/revistazetta.com\/wp-content\/uploads\/2019\/07\/PHOTO-2019-07-17-15-16-36-2-50x33.jpg 50w, https:\/\/revistazetta.com\/wp-content\/uploads\/2019\/07\/PHOTO-2019-07-17-15-16-36-2-113x75.jpg 113w, https:\/\/revistazetta.com\/wp-content\/uploads\/2019\/07\/PHOTO-2019-07-17-15-16-36-2.jpg 1280w\" sizes=\"auto, (max-width: 300px) 100vw, 300px\" \/><\/p>\n<p><img loading=\"lazy\" decoding=\"async\" class=\"alignnone size-medium wp-image-30928\" src=\"https:\/\/www.revistazetta.com\/wp-content\/uploads\/2019\/07\/PHOTO-2019-07-17-15-16-34-300x200.jpg\" alt=\"\" width=\"300\" height=\"200\" srcset=\"https:\/\/revistazetta.com\/wp-content\/uploads\/2019\/07\/PHOTO-2019-07-17-15-16-34-300x200.jpg 300w, https:\/\/revistazetta.com\/wp-content\/uploads\/2019\/07\/PHOTO-2019-07-17-15-16-34-1024x682.jpg 1024w, https:\/\/revistazetta.com\/wp-content\/uploads\/2019\/07\/PHOTO-2019-07-17-15-16-34-219x146.jpg 219w, https:\/\/revistazetta.com\/wp-content\/uploads\/2019\/07\/PHOTO-2019-07-17-15-16-34-50x33.jpg 50w, https:\/\/revistazetta.com\/wp-content\/uploads\/2019\/07\/PHOTO-2019-07-17-15-16-34-113x75.jpg 113w, https:\/\/revistazetta.com\/wp-content\/uploads\/2019\/07\/PHOTO-2019-07-17-15-16-34.jpg 1280w\" sizes=\"auto, (max-width: 300px) 100vw, 300px\" \/><\/p>\n<p>&nbsp;<\/p>\n","protected":false},"excerpt":{"rendered":"<p>El gobernador de Bol\u00edvar, Dumek \u00a0Turbay Paz, y el presidente del Real Cartagena, Rodrigo Alejandro Rend\u00f3n, encabezaron la presentaci\u00f3n de los refuerzos que encarar\u00e1n la segunda parte del a\u00f1o. El primer mandatario de los bolivarenses manifest\u00f3 que en estos pr\u00f3ximos 130 d\u00edas los que durar\u00e1 el torneo no se escatimar\u00e1n esfuerzos para lograr este anhelado prop\u00f3sito que es ver a Real Cartagena presente en la divisi\u00f3n de honor del f\u00fatbol profesional colombiano. El gobernador Dumek Turbay Paz destac\u00f3 que \u2018ascenso se escribe y se siente con la letra A de&#8230; <\/p>\n","protected":false},"author":3,"featured_media":30927,"comment_status":"open","ping_status":"closed","sticky":false,"template":"","format":"standard","meta":{"footnotes":"","_links_to":"","_links_to_target":""},"categories":[53,75,54],"tags":[],"class_list":["post-30926","post","type-post","status-publish","format-standard","has-post-thumbnail","hentry","category-deportes","category-destacada","category-futbol"],"_links":{"self":[{"href":"https:\/\/revistazetta.com\/index.php?rest_route=\/wp\/v2\/posts\/30926","targetHints":{"allow":["GET"]}}],"collection":[{"href":"https:\/\/revistazetta.com\/index.php?rest_route=\/wp\/v2\/posts"}],"about":[{"href":"https:\/\/revistazetta.com\/index.php?rest_route=\/wp\/v2\/types\/post"}],"author":[{"embeddable":true,"href":"https:\/\/revistazetta.com\/index.php?rest_route=\/wp\/v2\/users\/3"}],"replies":[{"embeddable":true,"href":"https:\/\/revistazetta.com\/index.php?rest_route=%2Fwp%2Fv2%2Fcomments&post=30926"}],"version-history":[{"count":0,"href":"https:\/\/revistazetta.com\/index.php?rest_route=\/wp\/v2\/posts\/30926\/revisions"}],"wp:featuredmedia":[{"embeddable":true,"href":"https:\/\/revistazetta.com\/index.php?rest_route=\/wp\/v2\/media\/30927"}],"wp:attachment":[{"href":"https:\/\/revistazetta.com\/index.php?rest_route=%2Fwp%2Fv2%2Fmedia&parent=30926"}],"wp:term":[{"taxonomy":"category","embeddable":true,"href":"https:\/\/revistazetta.com\/index.php?rest_route=%2Fwp%2Fv2%2Fcategories&post=30926"},{"taxonomy":"post_tag","embeddable":true,"href":"https:\/\/revistazetta.com\/index.php?rest_route=%2Fwp%2Fv2%2Ftags&post=30926"}],"curies":[{"name":"wp","href":"https:\/\/api.w.org\/{rel}","templated":true}]}}