{"id":30934,"date":"2019-07-18T18:04:24","date_gmt":"2019-07-18T23:04:24","guid":{"rendered":"http:\/\/www.revistazetta.com\/?p=30934"},"modified":"2019-07-18T18:04:24","modified_gmt":"2019-07-18T23:04:24","slug":"no-existe-falta-disciplinaria-alguna-londono-preliminar-procuraduria","status":"publish","type":"post","link":"https:\/\/revistazetta.com\/?p=30934","title":{"rendered":"\u00abNo existe falta disciplinaria alguna\u00bb: Londo\u00f1o, por preliminar de Procuradur\u00eda"},"content":{"rendered":"<div class=\"paragraph\">\n<p>Justo cuando se prepara para su inscripci\u00f3n como candidato a la Alcald\u00eda, Sergio Londo\u00f1o, le baj\u00f3 el tono a una indagaci\u00f3n preliminar en su contra que adelanta la Procuradur\u00eda, y se\u00f1al\u00f3 que \u00abno existe falta disciplinaria alguna en la queja expuesta\u00bb.<\/p>\n<p>El quejoso es Abelardo Meza Herazo, representante legal de la Fundaci\u00f3n C\u00edvica y Social Pro Caribe, quien denunci\u00f3 ante la Procuradur\u00eda que el 13 de marzo de 2018, el Distrito expidi\u00f3 certificados de disponibilidad y registros presupuestales para contratar m\u00e1s de 300 \u00d3rdenes de Prestaci\u00f3n de Servicios, OPS, infringido la normatividad de la Ley de Garant\u00edas Electorales.<\/p>\n<p>Londo\u00f1o, quien se inscribe este viernes 19 de julio a las 11 de la ma\u00f1ana, expidi\u00f3 un comunicado en el que sostiene que \u00ablas disponibilidades y registros presupuestales a que hace alusi\u00f3n el quejoso, fueron utilizadas para amparar reservas presupuestales que quedaron pendientes del a\u00f1o 2017, por lo tanto no hacen referencia a la contrataci\u00f3n por ley de garant\u00edas\u00bb.<\/p>\n<p>Le denuncia cobija a Londo\u00f1o como alcalde en ese entonces, lo mismo que a la exsecretaria de Hacienda Distrital, Sibila Carre\u00f1o Quiroz; a Luis Cano Sed\u00e1n, director Financiero de Presupuesto, y a Viviana Malo Lecompte, directora de Talento Humano.<\/p>\n<div id=\"div-gpt-ad-1x1-3\" data-google-query-id=\"COKewaPFv-MCFcQUhwodkukF4Q\">\n<div id=\"google_ads_iframe_\/53875743\/www.eluniversal.com.co\/appnexus_1x1_0__container__\">Meza Herazo aduce en su denuncia \u201cque la expedici\u00f3n de las disponibilidades y registros presupuestales viol\u00f3 el Art\u00edculo 38 de la Ley de Garant\u00edas, que proh\u00edbe a gobernadores, alcaldes, secretarios, gerentes y directores de entidades descentralizadas de orden municipal, departamental o distrital celebrar convenios interadministrativos para ejecutar recursos p\u00fablicos cuatro meses antes del debate electoral y en el caso de la elecci\u00f3n presidencial la prohibici\u00f3n se extiende a la suscripci\u00f3n de contratos a trav\u00e9s de la modalidad de contrataci\u00f3n directa\u201d.<\/div>\n<\/div>\n<p>La Procuradora Regional de Bol\u00edvar, Itala Pedrazzini, emiti\u00f3 un auto de remisi\u00f3n de competencia que env\u00eda el proceso por competencia a la Procuradur\u00eda Delegada para la Vigilancia Administrativa.<\/p>\n<\/div>\n<div class=\"paragraph\">\n<p>En su comunicado, Londo\u00f1o Zurek dice que en estos momentos lidera una campa\u00f1a con transparencia, uno de los pilares con los que lider\u00f3 a la ciudad durante varios meses, y que est\u00e1 en disposici\u00f3n absoluta de atender cualquier requerimiento de la autoridad competente.<\/p>\n<p><img loading=\"lazy\" decoding=\"async\" class=\"aligncenter wp-image-30936 size-large\" src=\"https:\/\/www.revistazetta.com\/wp-content\/uploads\/2019\/07\/SLZ-inscribe-1024x1024.jpg\" alt=\"\" width=\"1024\" height=\"1024\" srcset=\"https:\/\/revistazetta.com\/wp-content\/uploads\/2019\/07\/SLZ-inscribe-1024x1024.jpg 1024w, https:\/\/revistazetta.com\/wp-content\/uploads\/2019\/07\/SLZ-inscribe-150x150.jpg 150w, https:\/\/revistazetta.com\/wp-content\/uploads\/2019\/07\/SLZ-inscribe-300x300.jpg 300w, https:\/\/revistazetta.com\/wp-content\/uploads\/2019\/07\/SLZ-inscribe-146x146.jpg 146w, https:\/\/revistazetta.com\/wp-content\/uploads\/2019\/07\/SLZ-inscribe-50x50.jpg 50w, https:\/\/revistazetta.com\/wp-content\/uploads\/2019\/07\/SLZ-inscribe-75x75.jpg 75w, https:\/\/revistazetta.com\/wp-content\/uploads\/2019\/07\/SLZ-inscribe-85x85.jpg 85w, https:\/\/revistazetta.com\/wp-content\/uploads\/2019\/07\/SLZ-inscribe-80x80.jpg 80w, https:\/\/revistazetta.com\/wp-content\/uploads\/2019\/07\/SLZ-inscribe.jpg 1280w\" sizes=\"auto, (max-width: 1024px) 100vw, 1024px\" \/><\/p>\n<\/div>\n","protected":false},"excerpt":{"rendered":"<p>Justo cuando se prepara para su inscripci\u00f3n como candidato a la Alcald\u00eda, Sergio Londo\u00f1o, le baj\u00f3 el tono a una indagaci\u00f3n preliminar en su contra que adelanta la Procuradur\u00eda, y se\u00f1al\u00f3 que \u00abno existe falta disciplinaria alguna en la queja expuesta\u00bb. El quejoso es Abelardo Meza Herazo, representante legal de la Fundaci\u00f3n C\u00edvica y Social Pro Caribe, quien denunci\u00f3 ante la Procuradur\u00eda que el 13 de marzo de 2018, el Distrito expidi\u00f3 certificados de disponibilidad y registros presupuestales para contratar m\u00e1s de 300 \u00d3rdenes de Prestaci\u00f3n de Servicios, OPS, infringido&#8230; <\/p>\n","protected":false},"author":3,"featured_media":30935,"comment_status":"open","ping_status":"closed","sticky":false,"template":"","format":"standard","meta":{"footnotes":"","_links_to":"","_links_to_target":""},"categories":[75],"tags":[],"class_list":["post-30934","post","type-post","status-publish","format-standard","has-post-thumbnail","hentry","category-destacada"],"_links":{"self":[{"href":"https:\/\/revistazetta.com\/index.php?rest_route=\/wp\/v2\/posts\/30934","targetHints":{"allow":["GET"]}}],"collection":[{"href":"https:\/\/revistazetta.com\/index.php?rest_route=\/wp\/v2\/posts"}],"about":[{"href":"https:\/\/revistazetta.com\/index.php?rest_route=\/wp\/v2\/types\/post"}],"author":[{"embeddable":true,"href":"https:\/\/revistazetta.com\/index.php?rest_route=\/wp\/v2\/users\/3"}],"replies":[{"embeddable":true,"href":"https:\/\/revistazetta.com\/index.php?rest_route=%2Fwp%2Fv2%2Fcomments&post=30934"}],"version-history":[{"count":0,"href":"https:\/\/revistazetta.com\/index.php?rest_route=\/wp\/v2\/posts\/30934\/revisions"}],"wp:featuredmedia":[{"embeddable":true,"href":"https:\/\/revistazetta.com\/index.php?rest_route=\/wp\/v2\/media\/30935"}],"wp:attachment":[{"href":"https:\/\/revistazetta.com\/index.php?rest_route=%2Fwp%2Fv2%2Fmedia&parent=30934"}],"wp:term":[{"taxonomy":"category","embeddable":true,"href":"https:\/\/revistazetta.com\/index.php?rest_route=%2Fwp%2Fv2%2Fcategories&post=30934"},{"taxonomy":"post_tag","embeddable":true,"href":"https:\/\/revistazetta.com\/index.php?rest_route=%2Fwp%2Fv2%2Ftags&post=30934"}],"curies":[{"name":"wp","href":"https:\/\/api.w.org\/{rel}","templated":true}]}}