{"id":30937,"date":"2019-07-18T18:36:41","date_gmt":"2019-07-18T23:36:41","guid":{"rendered":"http:\/\/www.revistazetta.com\/?p=30937"},"modified":"2019-07-18T18:36:41","modified_gmt":"2019-07-18T23:36:41","slug":"sabado-20-domingo-21-ultimos-dias-apollo-11-salas-cine","status":"publish","type":"post","link":"https:\/\/revistazetta.com\/?p=30937","title":{"rendered":"S\u00e1bado 20 y domingo 21, \u00faltimos d\u00edas de  APOLLO 11 en salas de cine  \u00a0"},"content":{"rendered":"<blockquote><p><strong><em>El documental Apollo 11,\u00a0tra\u00eddo\u00a0al pa\u00eds en exclusiva por Cine Colombia y su divisi\u00f3n Cineco Alternativo, tendr\u00e1 sus dos \u00faltimos d\u00edas de exhibici\u00f3n en salas de cine de Bogot\u00e1, Medell\u00edn, Cali, Barranquilla, Bucaramanga, Cartagena Villavicencio, Ibagu\u00e9, Manizales, Popay\u00e1n, Armenia y Pereira, este s\u00e1bado 20 y domingo 21 de julio en funci\u00f3n de 12 del d\u00eda.\u00a0<\/em><\/strong><\/p><\/blockquote>\n<p><em>Apollo 11<\/em>\u00a0ha captado la atenci\u00f3n del p\u00fablico colombiano, que pudo apreciarla esta semana en las principales salas de Cine Colombia, por el gran trabajo de remasterizaci\u00f3n que se adelant\u00f3 con las im\u00e1genes in\u00e9ditas encontradas en una bodega despu\u00e9s de muchos a\u00f1os.<\/p>\n<p><em>\u201cLa pel\u00edcula est\u00e1 elaborada a partir de un tesoro reci\u00e9n descubierto con im\u00e1genes de 70mm y m\u00e1s de 11 mil horas de grabaciones de audio sin catalogar, llev\u00e1ndonos directamente al coraz\u00f3n de la misi\u00f3n m\u00e1s c\u00e9lebre de la NASA la cual fue la primera que puso a los hombres en la luna y convirti\u00f3 a Neil Armstrong y Buzz Aldrin en nombres familiares\u201d<\/em>, explica el director\u00a0<strong>Todd Douglas<\/strong>\u00a0<strong>Miller<\/strong>.<\/p>\n<p>M\u00e1s all\u00e1 del retrato del viaje a la luna, hay que decir que esta pel\u00edcula es un documento hist\u00f3rico de c\u00f3mo era la vida hace 50 a\u00f1os, pues tambi\u00e9n permite al espectador disfrutar de un completo panorama de la moda, la m\u00fasica, la tecnolog\u00eda y las maneras de relacionarse, ya que quedaron plasmadas en este gran evento que estableci\u00f3 un record mundial de audiencia y de cubrimiento en Houston por parte de 3.500 periodistas y 36 cadenas de televisi\u00f3n.<\/p>\n<p><em>\u201cEn una escena podemos localizar a gente como Johnny Carson y al escritor de ciencia-ficci\u00f3n Isaac Asimov, entre otros espectadores de la zona VIP. Al observar el gent\u00edo fuera de un almac\u00e9n de J.C. Penney y a lo largo de las playas, podemos ver c\u00f3mo vest\u00eda la gente en aquel momento, qu\u00e9 coches conduc\u00edan. Se puede ver incluso el reflejo del lanzamiento en las gafas de sol de los espectadores mientras observan el cohete separase del suelo\u201d,\u00a0<\/em>cuenta el asesor hist\u00f3rico\u00a0<strong>Robert Pearlman<\/strong>.<\/p>\n<p>Otra gran entusiasta de la cinta\u00a0<em>Apollo 11<\/em>\u00a0es\u00a0<strong>Poppy Northcutt<\/strong>, la primera ingeniera en trabajar en la sala de control de la misi\u00f3n Apollo:\u00a0<em>\u201cLa pel\u00edcula t\u00e9cnicamente es incre\u00edble, simplemente maravillosa. Todas estas im\u00e1genes de archivo que nunca hab\u00edan sido mostradas antes, con las tecnolog\u00edas para mejorar las im\u00e1genes, para mejorar su color, el sonido envolvente, su calidad para la pantalla grande\u201d.<\/em><\/p>\n<p><strong>Curiosidades del viaje a la Luna<\/strong><\/p>\n<p><strong>Presidente precavido.<\/strong>\u00a0Aunque la misi\u00f3n del Apollo 11 fue un \u00e9xito, el columnista del New York Times y ganador del premio Pullitzer,\u00a0<strong>William Safire<\/strong>\u00a0escribi\u00f3 entonces para el presidente Richard Nixon, un discurso en el que se asum\u00eda lo peor,\u00a0por si era necesario.\u00a0\u201c<em>Estos valientes hombres, Neil Armstrong y Edwin Aldrin, saben que no hay esperanza en su recuperaci\u00f3n. Pero tambi\u00e9n saben que hay esperanza para la humanidad en su sacrificio\u201d,<\/em>\u00a0dec\u00eda en uno de los apartes sobre el posible abandono de los hombres en la luna.<\/p>\n<p><strong>Recuerdos lunares.\u00a0<\/strong>Im\u00e1genes de seres humanos, grabaciones de audio en varios idiomas y medallones con los nombres de los tres astronautas que murieron en el Apolo 1 fueron algunos de los objetos dejados por Neil Armstrong y Buzz Aldrin en la luna.<\/p>\n<p><strong>La declaraci\u00f3n de aduana.\u00a0<\/strong>En 2015 Buzz Aldrin cont\u00f3 que a los astronautas se les exig\u00eda declarar en Aduana a su reingreso a la tierra, como si se entrara por cualquier aeropuerto del mundo. Los de Apollo 11 declararon ingresar muestras de roca y polvo lunar.<\/p>\n<p><strong>Record de audiencia.\u00a0<\/strong>La transmisi\u00f3n de la llegada del hombre a la luna, se calcula fue vista por cerca de 550 millones de espectadores, algo as\u00ed como 53 millones de familias, un r\u00e9cord mundial de audiencia de la \u00e9poca.<\/p>\n<p><strong>Trailer:<\/strong><strong>\u00a0<\/strong><\/p>\n<p><iframe loading=\"lazy\" src=\"https:\/\/www.youtube.com\/embed\/A64V7jeybXw\" width=\"560\" height=\"315\" frameborder=\"0\" allowfullscreen=\"allowfullscreen\"><\/iframe><\/p>\n<p><strong>\u00a0<\/strong><\/p>\n<p><strong>Clip entrevistas e im\u00e1genes adicionales:<\/strong><\/p>\n<p><a href=\"https:\/\/we.tl\/t-3Hcoqmf0NA\" data-saferedirecturl=\"https:\/\/www.google.com\/url?q=https:\/\/we.tl\/t-3Hcoqmf0NA&amp;source=gmail&amp;ust=1563577502902000&amp;usg=AFQjCNFdVefCrZPXIHRJtUBog2cwRqY2Jw\" target=\"_blank\" rel=\"noopener\">https:\/\/we.tl\/t-3Hcoqmf0NA<\/a><\/p>\n<p>&nbsp;<\/p>\n<p>&nbsp;<\/p>\n","protected":false},"excerpt":{"rendered":"<p>El documental Apollo 11,\u00a0tra\u00eddo\u00a0al pa\u00eds en exclusiva por Cine Colombia y su divisi\u00f3n Cineco Alternativo, tendr\u00e1 sus dos \u00faltimos d\u00edas de exhibici\u00f3n en salas de cine de Bogot\u00e1, Medell\u00edn, Cali, Barranquilla, Bucaramanga, Cartagena Villavicencio, Ibagu\u00e9, Manizales, Popay\u00e1n, Armenia y Pereira, este s\u00e1bado 20 y domingo 21 de julio en funci\u00f3n de 12 del d\u00eda.\u00a0 Apollo 11\u00a0ha captado la atenci\u00f3n del p\u00fablico colombiano, que pudo apreciarla esta semana en las principales salas de Cine Colombia, por el gran trabajo de remasterizaci\u00f3n que se adelant\u00f3 con las im\u00e1genes in\u00e9ditas encontradas en una&#8230; <\/p>\n","protected":false},"author":3,"featured_media":30938,"comment_status":"open","ping_status":"closed","sticky":false,"template":"","format":"standard","meta":{"footnotes":"","_links_to":"","_links_to_target":""},"categories":[41,60],"tags":[],"class_list":["post-30937","post","type-post","status-publish","format-standard","has-post-thumbnail","hentry","category-cultura","category-cine"],"_links":{"self":[{"href":"https:\/\/revistazetta.com\/index.php?rest_route=\/wp\/v2\/posts\/30937","targetHints":{"allow":["GET"]}}],"collection":[{"href":"https:\/\/revistazetta.com\/index.php?rest_route=\/wp\/v2\/posts"}],"about":[{"href":"https:\/\/revistazetta.com\/index.php?rest_route=\/wp\/v2\/types\/post"}],"author":[{"embeddable":true,"href":"https:\/\/revistazetta.com\/index.php?rest_route=\/wp\/v2\/users\/3"}],"replies":[{"embeddable":true,"href":"https:\/\/revistazetta.com\/index.php?rest_route=%2Fwp%2Fv2%2Fcomments&post=30937"}],"version-history":[{"count":0,"href":"https:\/\/revistazetta.com\/index.php?rest_route=\/wp\/v2\/posts\/30937\/revisions"}],"wp:featuredmedia":[{"embeddable":true,"href":"https:\/\/revistazetta.com\/index.php?rest_route=\/wp\/v2\/media\/30938"}],"wp:attachment":[{"href":"https:\/\/revistazetta.com\/index.php?rest_route=%2Fwp%2Fv2%2Fmedia&parent=30937"}],"wp:term":[{"taxonomy":"category","embeddable":true,"href":"https:\/\/revistazetta.com\/index.php?rest_route=%2Fwp%2Fv2%2Fcategories&post=30937"},{"taxonomy":"post_tag","embeddable":true,"href":"https:\/\/revistazetta.com\/index.php?rest_route=%2Fwp%2Fv2%2Ftags&post=30937"}],"curies":[{"name":"wp","href":"https:\/\/api.w.org\/{rel}","templated":true}]}}