{"id":30939,"date":"2019-07-18T18:55:46","date_gmt":"2019-07-18T23:55:46","guid":{"rendered":"http:\/\/www.revistazetta.com\/?p=30939"},"modified":"2019-07-18T18:55:46","modified_gmt":"2019-07-18T23:55:46","slug":"centro-democratico-bolivar-avala-17-candidaturas-alcaldias-municipales","status":"publish","type":"post","link":"https:\/\/revistazetta.com\/?p=30939","title":{"rendered":"Centro Democr\u00e1tico en Bol\u00edvar avala 17 candidaturas a Alcald\u00edas Municipales"},"content":{"rendered":"<p>Luego de un estricto proceso de selecci\u00f3n y evaluaci\u00f3n el Centro Democr\u00e1tico dio conocer los nombres de los 17 avales para Alcald\u00eda en el departamento de Bol\u00edvar para las pr\u00f3ximas elecciones del 27 de octubre.<\/p>\n<p>Los candidatos cumplieron con los principios de integridad, transparencia, idoneidad y viabilidad, \u201cel Centro Democr\u00e1tico quiere transformar el departamento y por eso lleva los mejores candidatos\u201d, dijo el senador Fernando Nicol\u00e1s Ara\u00fajo.<\/p>\n<p>\u201cNuestros candidatos defienden la seguridad como valor democr\u00e1tico, todos est\u00e1n comprometidos con la implementaci\u00f3n del decreto que proh\u00edbe la dosis personal y tienen propuestas novedosas que presentar a la ciudadan\u00eda. Lo que viene con estos candidatos es el principio de una transformaci\u00f3n de Bol\u00edvar\u201d, recalc\u00f3 el senador Fernando Nicol\u00e1s Ara\u00fajo.<\/p>\n<p>A continuaci\u00f3n, los candidatos del Centro Democr\u00e1tico a 17 alcald\u00edas de Bol\u00edvar:<\/p>\n<p>Ferm\u00edn V\u00e1squez Acu\u00f1a, Rio Viejo<br \/>\nManuel Esteban Ramos Bayter, Barranco de Loba<br \/>\nNorbey Torres Rico, Cantagallo<br \/>\nHarold Qui\u00f1onez Santodomingo, Regidor<br \/>\nJos\u00e9 Alfredo Jim\u00e9nez Castillo, Tiquisio<br \/>\nJos\u00e9 Andr\u00e9s Altahona Escorcia, Mahates<br \/>\nMerizalde Arias Mart\u00ednez, San Fernando<br \/>\n\u00c1ngel Amiro Noya Polo, Villanueva<br \/>\nEugenio Lobo Qui\u00f1onez, Arenal<br \/>\nFabio Orlando Mendoza Barreto, Santa Rosa Sur<br \/>\nMisael Pedrozo G\u00f3mez, Margarita<br \/>\nYeimis Rojas Rojas, Ach\u00ed<br \/>\nRaschid Farid Eljaiek Sagbini, Calamar<br \/>\nMartha Elena Sawades Rodr\u00edguez, Santa Rosa de Lima<br \/>\nCarlos Mario Murgas Lacouture, San Pablo<br \/>\nRamiro Gonz\u00e1lez Mancilla, Mar\u00eda La Baja<br \/>\nWinston Garc\u00eda Morales, Altos del Rosario<\/p>\n<p>&nbsp;<\/p>\n","protected":false},"excerpt":{"rendered":"<p>Luego de un estricto proceso de selecci\u00f3n y evaluaci\u00f3n el Centro Democr\u00e1tico dio conocer los nombres de los 17 avales para Alcald\u00eda en el departamento de Bol\u00edvar para las pr\u00f3ximas elecciones del 27 de octubre. Los candidatos cumplieron con los principios de integridad, transparencia, idoneidad y viabilidad, \u201cel Centro Democr\u00e1tico quiere transformar el departamento y por eso lleva los mejores candidatos\u201d, dijo el senador Fernando Nicol\u00e1s Ara\u00fajo. \u201cNuestros candidatos defienden la seguridad como valor democr\u00e1tico, todos est\u00e1n comprometidos con la implementaci\u00f3n del decreto que proh\u00edbe la dosis personal y tienen&#8230; <\/p>\n","protected":false},"author":3,"featured_media":30940,"comment_status":"open","ping_status":"closed","sticky":false,"template":"","format":"standard","meta":{"footnotes":"","_links_to":"","_links_to_target":""},"categories":[75,4],"tags":[],"class_list":["post-30939","post","type-post","status-publish","format-standard","has-post-thumbnail","hentry","category-destacada","category-politica"],"_links":{"self":[{"href":"https:\/\/revistazetta.com\/index.php?rest_route=\/wp\/v2\/posts\/30939","targetHints":{"allow":["GET"]}}],"collection":[{"href":"https:\/\/revistazetta.com\/index.php?rest_route=\/wp\/v2\/posts"}],"about":[{"href":"https:\/\/revistazetta.com\/index.php?rest_route=\/wp\/v2\/types\/post"}],"author":[{"embeddable":true,"href":"https:\/\/revistazetta.com\/index.php?rest_route=\/wp\/v2\/users\/3"}],"replies":[{"embeddable":true,"href":"https:\/\/revistazetta.com\/index.php?rest_route=%2Fwp%2Fv2%2Fcomments&post=30939"}],"version-history":[{"count":0,"href":"https:\/\/revistazetta.com\/index.php?rest_route=\/wp\/v2\/posts\/30939\/revisions"}],"wp:featuredmedia":[{"embeddable":true,"href":"https:\/\/revistazetta.com\/index.php?rest_route=\/wp\/v2\/media\/30940"}],"wp:attachment":[{"href":"https:\/\/revistazetta.com\/index.php?rest_route=%2Fwp%2Fv2%2Fmedia&parent=30939"}],"wp:term":[{"taxonomy":"category","embeddable":true,"href":"https:\/\/revistazetta.com\/index.php?rest_route=%2Fwp%2Fv2%2Fcategories&post=30939"},{"taxonomy":"post_tag","embeddable":true,"href":"https:\/\/revistazetta.com\/index.php?rest_route=%2Fwp%2Fv2%2Ftags&post=30939"}],"curies":[{"name":"wp","href":"https:\/\/api.w.org\/{rel}","templated":true}]}}