{"id":30941,"date":"2019-07-18T19:49:38","date_gmt":"2019-07-19T00:49:38","guid":{"rendered":"http:\/\/www.revistazetta.com\/?p=30941"},"modified":"2019-07-18T19:49:38","modified_gmt":"2019-07-19T00:49:38","slug":"aumento-habitantes-calle-realidad-muchos-interrogantes","status":"publish","type":"post","link":"https:\/\/revistazetta.com\/?p=30941","title":{"rendered":"Aumento de habitantes de calle: realidad con muchos interrogantes"},"content":{"rendered":"<blockquote><p><strong>Concejal Wilson Toncel le solicita al Distrito que explique qu\u00e9 pol\u00edticas p\u00fablicas se han implementado frente al aumento de habitantes en situaci\u00f3n de calle<\/strong><\/p><\/blockquote>\n<p>El concejal por el partido Cambio Radical, Wilson Toncel Ochoa, expres\u00f3 su preocupaci\u00f3n e hizo un llamado a las autoridades distritales frente al cada vez mayor n\u00famero de habitantes en situaci\u00f3n de calle que hoy sobreviven en diferentes puntos de la ciudad.<\/p>\n<p>\u201cComo concejal del Distrito y, ante todo como cartagenero, he venido observando con gran preocupaci\u00f3n el aumento desmesurado de habitantes de la calle en toda la ciudad. Esto, especialmente, en el Centro, en Bocagrande, Castillogrande, Pie de la Popa, Manga, el mercado de Bazurto, y en las avenidas Pedro de Heredia, de El Lago, El Bosque, y en el sector de la bomba El Amparo\u201d, dijo Toncel.<\/p>\n<p>Y es que, de acuerdo con el cabildante, \u201csin duda alguna este es un tema de ciudad que es preocupante desde cualquier arista que sea visto\u201d.<\/p>\n<p>Frente a la alarmante situaci\u00f3n, Toncel hizo un llamado al Distrito para que explique qu\u00e9 medidas o pol\u00edticas p\u00fablicas se est\u00e1n liderando frente a las precarias condiciones en las que sobreviven a diario estas personas.<\/p>\n<p>\u201cDebo decir que, como concejales, desconocemos cu\u00e1les son las pol\u00edticas p\u00fablicas implementadas por el Distrito para atender a esta poblaci\u00f3n tan vulnerable. Estamos hablando de seres humanos que requieren una la atenci\u00f3n e intervenci\u00f3n urgente por parte del Distrito.\u00a0En ese sentido, hago un llamado urgente en esta oportunidad a la Secretar\u00eda de Participaci\u00f3n y Desarrollo Social, a la Secretar\u00eda de Planeaci\u00f3n Distrital, y al Instituto Colombiano del Bienestar Familiar Seccional Bol\u00edvar\u201d, resalt\u00f3 Toncel.<\/p>\n<p>El concejal por el partido Cambio Radical hizo hincapi\u00e9 en que, como un aspecto muy importante, se debe tener en cuenta que en muchos de los casos conocidos, estos habitantes de la calle incluso est\u00e1n conformados por familias enteras con menores de edad, quienes se encuentran expuestos a los peligros de la calle, personas enfermas sin recibir atenci\u00f3n en salud, y sin educaci\u00f3n.<\/p>\n<p>\u201cPor estas razones estas dependencias del Distrito, en cabeza de quienes las representan, deben explicar qu\u00e9 se est\u00e1 haciendo para solucionar y combatir de fondo este problema. Y, a su vez, que nos expongan qu\u00e9 proponen para que nosotros como concejales y gestores apoyemos al Distrito en la b\u00fasqueda de una soluci\u00f3n pronta, pero que a largo plazo sea sostenible\u201d, enfatiz\u00f3 Toncel.<\/p>\n<p>De acuerdo con el cabildante, las autoridades distritales tambi\u00e9n deben tener muy presente \u201cque esta situaci\u00f3n nos ha llevado como ciudad a un punto cr\u00edtico, ya que ha tra\u00eddo de la mano el aumento de la inseguridad, de ventas y consumo de estupefacientes y otras sustancias prohibidas en nuestras plazas y parques. Esto, adem\u00e1s, convirtiendo de paso las calles en ba\u00f1os p\u00fablicos y basureros sat\u00e9lites en los sectores que he venido indicando\u201d.<\/p>\n<p>Durante su intervenci\u00f3n en el Concejo Distrital, Toncel expuso varias im\u00e1genes y entrevistas con habitantes de la calle, las cuales obtuvo tras hacer un minucioso recorrido por la ciudad.<\/p>\n<p>Finalmente, tras su intervenci\u00f3n, el concejal Toncel dej\u00f3 los siguientes interrogantes planteados al Distrito:<\/p>\n<p>1. \u00bfCu\u00e1l es el estado actual y el avance de las pol\u00edticas p\u00fablicas que se pretenden implementar por el Distrito para atacar la problem\u00e1tica de los habitantes de la calle en Cartagena?<\/p>\n<p>2. \u00bfSe tiene identificado mediante un censo, con exactitud por lo menos hasta hasta diciembre de 2.018, cu\u00e1ntas personas hacen parte de esta poblaci\u00f3n en situaci\u00f3n de calle en Cartagena?<\/p>\n<p>3. Que se indique si, a la fecha, existe un lugar de paso contratado por el Distrito, con el prop\u00f3sito de atender a esta poblaci\u00f3n.<\/p>\n<p>4. \u00bfCu\u00e1les y cuantas son las zonas afectadas por este problema?<\/p>\n<p>5. Que el Distrito le explique al Concejo cu\u00e1les son las medidas urgentes que se han tomado para proteger a los menores de edad que se encuentran incluidos en la poblaci\u00f3n de habitantes de la calle.<\/p>\n<p>6. Finalmente que el Distrito explique, si existen, cu\u00e1les son las pol\u00edticas p\u00fablicas encaminadas a la protecci\u00f3n del medio ambiente, debido a que en su mayor\u00eda los lugares de asentamiento de la poblaci\u00f3n en situaci\u00f3n de calle se han convertido en sectores con basureros sat\u00e9lites. Lo que afecta, sin duda alguna, el disfrute del derecho constitucional a un ambiente sano para todos los cartageneros y visitantes.<\/p>\n","protected":false},"excerpt":{"rendered":"<p>Concejal Wilson Toncel le solicita al Distrito que explique qu\u00e9 pol\u00edticas p\u00fablicas se han implementado frente al aumento de habitantes en situaci\u00f3n de calle El concejal por el partido Cambio Radical, Wilson Toncel Ochoa, expres\u00f3 su preocupaci\u00f3n e hizo un llamado a las autoridades distritales frente al cada vez mayor n\u00famero de habitantes en situaci\u00f3n de calle que hoy sobreviven en diferentes puntos de la ciudad. \u201cComo concejal del Distrito y, ante todo como cartagenero, he venido observando con gran preocupaci\u00f3n el aumento desmesurado de habitantes de la calle en&#8230; <\/p>\n","protected":false},"author":3,"featured_media":30942,"comment_status":"open","ping_status":"closed","sticky":false,"template":"","format":"standard","meta":{"footnotes":"","_links_to":"","_links_to_target":""},"categories":[75,4],"tags":[],"class_list":["post-30941","post","type-post","status-publish","format-standard","has-post-thumbnail","hentry","category-destacada","category-politica"],"_links":{"self":[{"href":"https:\/\/revistazetta.com\/index.php?rest_route=\/wp\/v2\/posts\/30941","targetHints":{"allow":["GET"]}}],"collection":[{"href":"https:\/\/revistazetta.com\/index.php?rest_route=\/wp\/v2\/posts"}],"about":[{"href":"https:\/\/revistazetta.com\/index.php?rest_route=\/wp\/v2\/types\/post"}],"author":[{"embeddable":true,"href":"https:\/\/revistazetta.com\/index.php?rest_route=\/wp\/v2\/users\/3"}],"replies":[{"embeddable":true,"href":"https:\/\/revistazetta.com\/index.php?rest_route=%2Fwp%2Fv2%2Fcomments&post=30941"}],"version-history":[{"count":0,"href":"https:\/\/revistazetta.com\/index.php?rest_route=\/wp\/v2\/posts\/30941\/revisions"}],"wp:featuredmedia":[{"embeddable":true,"href":"https:\/\/revistazetta.com\/index.php?rest_route=\/wp\/v2\/media\/30942"}],"wp:attachment":[{"href":"https:\/\/revistazetta.com\/index.php?rest_route=%2Fwp%2Fv2%2Fmedia&parent=30941"}],"wp:term":[{"taxonomy":"category","embeddable":true,"href":"https:\/\/revistazetta.com\/index.php?rest_route=%2Fwp%2Fv2%2Fcategories&post=30941"},{"taxonomy":"post_tag","embeddable":true,"href":"https:\/\/revistazetta.com\/index.php?rest_route=%2Fwp%2Fv2%2Ftags&post=30941"}],"curies":[{"name":"wp","href":"https:\/\/api.w.org\/{rel}","templated":true}]}}