{"id":30943,"date":"2019-07-18T19:58:31","date_gmt":"2019-07-19T00:58:31","guid":{"rendered":"http:\/\/www.revistazetta.com\/?p=30943"},"modified":"2019-07-19T06:35:48","modified_gmt":"2019-07-19T11:35:48","slug":"dialogo-ciudadano-vicent-blel-scaff-se-consolida-cartagena","status":"publish","type":"post","link":"https:\/\/revistazetta.com\/?p=30943","title":{"rendered":"Con di\u00e1logo ciudadano, Vicent Blel Scaff se consolida en Cartagena"},"content":{"rendered":"<p><img loading=\"lazy\" decoding=\"async\" class=\"alignright wp-image-30958 size-large\" src=\"https:\/\/www.revistazetta.com\/wp-content\/uploads\/2019\/07\/Vic-consolida-5-1024x682.jpg\" alt=\"\" width=\"1024\" height=\"682\" srcset=\"https:\/\/revistazetta.com\/wp-content\/uploads\/2019\/07\/Vic-consolida-5-1024x682.jpg 1024w, https:\/\/revistazetta.com\/wp-content\/uploads\/2019\/07\/Vic-consolida-5-300x200.jpg 300w, https:\/\/revistazetta.com\/wp-content\/uploads\/2019\/07\/Vic-consolida-5-219x146.jpg 219w, https:\/\/revistazetta.com\/wp-content\/uploads\/2019\/07\/Vic-consolida-5-50x33.jpg 50w, https:\/\/revistazetta.com\/wp-content\/uploads\/2019\/07\/Vic-consolida-5-113x75.jpg 113w, https:\/\/revistazetta.com\/wp-content\/uploads\/2019\/07\/Vic-consolida-5.jpg 1280w\" sizes=\"auto, (max-width: 1024px) 100vw, 1024px\" \/><\/p>\n<p>&nbsp;<\/p>\n<p>Las intensas jornadas de di\u00e1logo ciudadano en barrios y corregimientos de Cartagena le han permitido a Vicente Blel Scaff consolidar su candidatura a la Gobernaci\u00f3n de Bol\u00edvar.<\/p>\n<p>Con la bandera de \u00abBol\u00edvar Primero\u00bb, el candidato del partido Conservador ha desplegado un m\u00e9todo de trabajo comunitario donde elemento primordial es escuchar a la comunidad y recoger sus inquietudes, a la par que socializa las principales propuestas que est\u00e1 incorporando al programa de gobierno.<\/p>\n<p>\u00abVisitamos los barrios y conversamos con la comunidad para conocer c\u00f3mo ellos creen que Bol\u00edvar puede ser primero en inversi\u00f3n social, cultura, oportunidades laborales y educaci\u00f3n\u00bb, dijo Blel Scaff.<\/p>\n<p>Acompa\u00f1ado siempre por su esposa, Natalia Eljach, el candidato expres\u00f3 que su agenda de visitas regresar\u00e1 al sur de Bol\u00edvar y Montes de Mar\u00eda, donde tambi\u00e9n ha venido consolidando su propuesta.<\/p>\n<p><img loading=\"lazy\" decoding=\"async\" class=\"size-medium wp-image-30959 aligncenter\" src=\"https:\/\/www.revistazetta.com\/wp-content\/uploads\/2019\/07\/Vic-consolida-6-300x200.jpg\" alt=\"\" width=\"300\" height=\"200\" srcset=\"https:\/\/revistazetta.com\/wp-content\/uploads\/2019\/07\/Vic-consolida-6-300x200.jpg 300w, https:\/\/revistazetta.com\/wp-content\/uploads\/2019\/07\/Vic-consolida-6-1024x682.jpg 1024w, https:\/\/revistazetta.com\/wp-content\/uploads\/2019\/07\/Vic-consolida-6-219x146.jpg 219w, https:\/\/revistazetta.com\/wp-content\/uploads\/2019\/07\/Vic-consolida-6-50x33.jpg 50w, https:\/\/revistazetta.com\/wp-content\/uploads\/2019\/07\/Vic-consolida-6-113x75.jpg 113w, https:\/\/revistazetta.com\/wp-content\/uploads\/2019\/07\/Vic-consolida-6.jpg 1280w\" sizes=\"auto, (max-width: 300px) 100vw, 300px\" \/><\/p>\n<p><img loading=\"lazy\" decoding=\"async\" class=\"size-medium wp-image-30957 aligncenter\" src=\"https:\/\/www.revistazetta.com\/wp-content\/uploads\/2019\/07\/Vic-consolida-4-300x200.jpg\" alt=\"\" width=\"300\" height=\"200\" srcset=\"https:\/\/revistazetta.com\/wp-content\/uploads\/2019\/07\/Vic-consolida-4-300x200.jpg 300w, https:\/\/revistazetta.com\/wp-content\/uploads\/2019\/07\/Vic-consolida-4-1024x682.jpg 1024w, https:\/\/revistazetta.com\/wp-content\/uploads\/2019\/07\/Vic-consolida-4-219x146.jpg 219w, https:\/\/revistazetta.com\/wp-content\/uploads\/2019\/07\/Vic-consolida-4-50x33.jpg 50w, https:\/\/revistazetta.com\/wp-content\/uploads\/2019\/07\/Vic-consolida-4-113x75.jpg 113w, https:\/\/revistazetta.com\/wp-content\/uploads\/2019\/07\/Vic-consolida-4.jpg 1280w\" sizes=\"auto, (max-width: 300px) 100vw, 300px\" \/><\/p>\n<p><img loading=\"lazy\" decoding=\"async\" class=\"size-medium wp-image-30956 aligncenter\" src=\"https:\/\/www.revistazetta.com\/wp-content\/uploads\/2019\/07\/Vic-consolida-2-300x200.jpg\" alt=\"\" width=\"300\" height=\"200\" srcset=\"https:\/\/revistazetta.com\/wp-content\/uploads\/2019\/07\/Vic-consolida-2-300x200.jpg 300w, https:\/\/revistazetta.com\/wp-content\/uploads\/2019\/07\/Vic-consolida-2-1024x682.jpg 1024w, https:\/\/revistazetta.com\/wp-content\/uploads\/2019\/07\/Vic-consolida-2-219x146.jpg 219w, https:\/\/revistazetta.com\/wp-content\/uploads\/2019\/07\/Vic-consolida-2-50x33.jpg 50w, https:\/\/revistazetta.com\/wp-content\/uploads\/2019\/07\/Vic-consolida-2-113x75.jpg 113w, https:\/\/revistazetta.com\/wp-content\/uploads\/2019\/07\/Vic-consolida-2.jpg 1280w\" sizes=\"auto, (max-width: 300px) 100vw, 300px\" \/><\/p>\n<p><img loading=\"lazy\" decoding=\"async\" class=\"size-medium wp-image-30955 aligncenter\" src=\"https:\/\/www.revistazetta.com\/wp-content\/uploads\/2019\/07\/Vic-consolida-1-300x200.jpg\" alt=\"\" width=\"300\" height=\"200\" srcset=\"https:\/\/revistazetta.com\/wp-content\/uploads\/2019\/07\/Vic-consolida-1-300x200.jpg 300w, https:\/\/revistazetta.com\/wp-content\/uploads\/2019\/07\/Vic-consolida-1-1024x682.jpg 1024w, https:\/\/revistazetta.com\/wp-content\/uploads\/2019\/07\/Vic-consolida-1-219x146.jpg 219w, https:\/\/revistazetta.com\/wp-content\/uploads\/2019\/07\/Vic-consolida-1-50x33.jpg 50w, https:\/\/revistazetta.com\/wp-content\/uploads\/2019\/07\/Vic-consolida-1-113x75.jpg 113w, https:\/\/revistazetta.com\/wp-content\/uploads\/2019\/07\/Vic-consolida-1.jpg 1280w\" sizes=\"auto, (max-width: 300px) 100vw, 300px\" \/><\/p>\n<p>&nbsp;<\/p>\n<p>&nbsp;<\/p>\n","protected":false},"excerpt":{"rendered":"<p>&nbsp; Las intensas jornadas de di\u00e1logo ciudadano en barrios y corregimientos de Cartagena le han permitido a Vicente Blel Scaff consolidar su candidatura a la Gobernaci\u00f3n de Bol\u00edvar. Con la bandera de \u00abBol\u00edvar Primero\u00bb, el candidato del partido Conservador ha desplegado un m\u00e9todo de trabajo comunitario donde elemento primordial es escuchar a la comunidad y recoger sus inquietudes, a la par que socializa las principales propuestas que est\u00e1 incorporando al programa de gobierno. \u00abVisitamos los barrios y conversamos con la comunidad para conocer c\u00f3mo ellos creen que Bol\u00edvar puede ser&#8230; <\/p>\n","protected":false},"author":3,"featured_media":30944,"comment_status":"open","ping_status":"closed","sticky":false,"template":"","format":"standard","meta":{"footnotes":"","_links_to":"","_links_to_target":""},"categories":[75,4],"tags":[],"class_list":["post-30943","post","type-post","status-publish","format-standard","has-post-thumbnail","hentry","category-destacada","category-politica"],"_links":{"self":[{"href":"https:\/\/revistazetta.com\/index.php?rest_route=\/wp\/v2\/posts\/30943","targetHints":{"allow":["GET"]}}],"collection":[{"href":"https:\/\/revistazetta.com\/index.php?rest_route=\/wp\/v2\/posts"}],"about":[{"href":"https:\/\/revistazetta.com\/index.php?rest_route=\/wp\/v2\/types\/post"}],"author":[{"embeddable":true,"href":"https:\/\/revistazetta.com\/index.php?rest_route=\/wp\/v2\/users\/3"}],"replies":[{"embeddable":true,"href":"https:\/\/revistazetta.com\/index.php?rest_route=%2Fwp%2Fv2%2Fcomments&post=30943"}],"version-history":[{"count":0,"href":"https:\/\/revistazetta.com\/index.php?rest_route=\/wp\/v2\/posts\/30943\/revisions"}],"wp:featuredmedia":[{"embeddable":true,"href":"https:\/\/revistazetta.com\/index.php?rest_route=\/wp\/v2\/media\/30944"}],"wp:attachment":[{"href":"https:\/\/revistazetta.com\/index.php?rest_route=%2Fwp%2Fv2%2Fmedia&parent=30943"}],"wp:term":[{"taxonomy":"category","embeddable":true,"href":"https:\/\/revistazetta.com\/index.php?rest_route=%2Fwp%2Fv2%2Fcategories&post=30943"},{"taxonomy":"post_tag","embeddable":true,"href":"https:\/\/revistazetta.com\/index.php?rest_route=%2Fwp%2Fv2%2Ftags&post=30943"}],"curies":[{"name":"wp","href":"https:\/\/api.w.org\/{rel}","templated":true}]}}