{"id":30950,"date":"2019-07-19T06:12:18","date_gmt":"2019-07-19T11:12:18","guid":{"rendered":"http:\/\/www.revistazetta.com\/?p=30950"},"modified":"2019-07-19T06:12:18","modified_gmt":"2019-07-19T11:12:18","slug":"foro-gestion-responsable-del-ciclo-del-agua","status":"publish","type":"post","link":"https:\/\/revistazetta.com\/?p=30950","title":{"rendered":"Foro sobre Gesti\u00f3n Responsable del Ciclo del Agua"},"content":{"rendered":"<div dir=\"auto\">La empresa Aguas de Cartagena realiza este viernes 19 de julio de 2019, el lanzamiento oficial de su Programa de Gesti\u00f3n Responsable del Ciclo del Agua, GRA, para acompa\u00f1ar a sus usuarios no dom\u00e9sticos, en el cumplimiento de los requisitos legales en materia de calidad del agua.<\/div>\n<div dir=\"auto\"><\/div>\n<div dir=\"auto\">El evento se lleva a cabo en el marco del Foro \u201cGesti\u00f3n de Agua, Factor de Competitividad en las ciudades del futuro\u201d, que organiza Acuacar con la participaci\u00f3n de m\u00e1s de 200 delegados de estas grandes empresas productivas en Cartagena, tales como industrias, puertos, astilleros, hoteles, restaurantes, casinos, centros comerciales, hospitales, cl\u00ednicas, instituciones educativas, centros recreacionales y proyectos urban\u00edsticos.<\/div>\n<div dir=\"auto\"><\/div>\n<div dir=\"auto\">En el Foro, que se inicia a las 2:00 p.m. en el hotel Intercontinental, participan como conferencistas Luis Fernando Ulloa Vergara, experto en gobierno corporativo y ex gerente de importantes empresas de servicios p\u00fablicos domiciliarios en Colombia; Juan Jos\u00e9 Gross Rudloff, Gerente General de la empresa chilena Ecoriles S.A; \u00c1lvaro Vargas Mart\u00ednez, director del Establecimiento P\u00fablico Ambiental de Cartagena \u2013 EPA; Jes\u00fas Garc\u00eda, Gerente General de Aguas de Cartagena; Jorge Luque, gerente de proyectos y obras de Aguas de Cartagena. Ellos disertar\u00e1n sobre manejo de vertidos y el impacto de la calidad del agua en el sector productivo y c\u00f3mo la gesti\u00f3n del ciclo del agua se convierte en factor clave para la innovaci\u00f3n y sostenibilidad empresarial.<\/div>\n<div dir=\"auto\"><\/div>\n<div dir=\"auto\">El Programa GRA ofrece los servicios de an\u00e1lisis de calidad del agua cruda, potable y residual, de tal manera que se pueda establecer un diagn\u00f3stico inicial, de acuerdo a la calidad requerida, con las normas vigentes o a los procesos productivos de cada establecimiento.<\/div>\n<div dir=\"auto\"><\/div>\n<div dir=\"auto\">Con el diagn\u00f3stico inicial, se identificar\u00e1n las acciones y recomendaciones necesarias para alcanzar la calidad esperada.<\/div>\n<div dir=\"auto\"><\/div>\n<div dir=\"auto\">Esta iniciativa promete dar valor a los diferentes sectores productivos y hacer de Cartagena una ciudad m\u00e1s competitiva y sostenible.<\/div>\n","protected":false},"excerpt":{"rendered":"<p>La empresa Aguas de Cartagena realiza este viernes 19 de julio de 2019, el lanzamiento oficial de su Programa de Gesti\u00f3n Responsable del Ciclo del Agua, GRA, para acompa\u00f1ar a sus usuarios no dom\u00e9sticos, en el cumplimiento de los requisitos legales en materia de calidad del agua. El evento se lleva a cabo en el marco del Foro \u201cGesti\u00f3n de Agua, Factor de Competitividad en las ciudades del futuro\u201d, que organiza Acuacar con la participaci\u00f3n de m\u00e1s de 200 delegados de estas grandes empresas productivas en Cartagena, tales como industrias,&#8230; <\/p>\n","protected":false},"author":3,"featured_media":30951,"comment_status":"open","ping_status":"closed","sticky":false,"template":"","format":"standard","meta":{"footnotes":"","_links_to":"","_links_to_target":""},"categories":[3,40],"tags":[],"class_list":["post-30950","post","type-post","status-publish","format-standard","has-post-thumbnail","hentry","category-ciudad","category-tuciudad"],"_links":{"self":[{"href":"https:\/\/revistazetta.com\/index.php?rest_route=\/wp\/v2\/posts\/30950","targetHints":{"allow":["GET"]}}],"collection":[{"href":"https:\/\/revistazetta.com\/index.php?rest_route=\/wp\/v2\/posts"}],"about":[{"href":"https:\/\/revistazetta.com\/index.php?rest_route=\/wp\/v2\/types\/post"}],"author":[{"embeddable":true,"href":"https:\/\/revistazetta.com\/index.php?rest_route=\/wp\/v2\/users\/3"}],"replies":[{"embeddable":true,"href":"https:\/\/revistazetta.com\/index.php?rest_route=%2Fwp%2Fv2%2Fcomments&post=30950"}],"version-history":[{"count":0,"href":"https:\/\/revistazetta.com\/index.php?rest_route=\/wp\/v2\/posts\/30950\/revisions"}],"wp:featuredmedia":[{"embeddable":true,"href":"https:\/\/revistazetta.com\/index.php?rest_route=\/wp\/v2\/media\/30951"}],"wp:attachment":[{"href":"https:\/\/revistazetta.com\/index.php?rest_route=%2Fwp%2Fv2%2Fmedia&parent=30950"}],"wp:term":[{"taxonomy":"category","embeddable":true,"href":"https:\/\/revistazetta.com\/index.php?rest_route=%2Fwp%2Fv2%2Fcategories&post=30950"},{"taxonomy":"post_tag","embeddable":true,"href":"https:\/\/revistazetta.com\/index.php?rest_route=%2Fwp%2Fv2%2Ftags&post=30950"}],"curies":[{"name":"wp","href":"https:\/\/api.w.org\/{rel}","templated":true}]}}