{"id":30952,"date":"2019-07-19T06:27:20","date_gmt":"2019-07-19T11:27:20","guid":{"rendered":"http:\/\/www.revistazetta.com\/?p=30952"},"modified":"2019-07-19T06:27:20","modified_gmt":"2019-07-19T11:27:20","slug":"mas-2-mil-millones-sistema-vigilancia-distrital","status":"publish","type":"post","link":"https:\/\/revistazetta.com\/?p=30952","title":{"rendered":"M\u00e1s de $2 mil millones para sistema de vigilancia distrital"},"content":{"rendered":"<p>Una fuerte advertencia hizo el alcalde Pedrito Pereira Caballero a la delincuencia que quiere sabotear la seguridad en la ciudad. El mandatario les dijo que uno de sus pilares de gobierno es la seguridad y que no escatimar\u00e1 esfuerzos para hacer de Cartagena una ciudad segura.<\/p>\n<p>\u201cCartagena va a tener su sistema de vigilancia trabajando a toda su capacidad, las c\u00e1maras que no funcionaban ya sirven, as\u00ed como el sistema 123 y las alarmas comunitarias, gracias al convenio por $2.100 millones que hizo Distriseguridad con la Empresa de Seguridad Urbana de Medell\u00edn, que la dirige el cartagenero Emiro Carlos Valdez L\u00f3pez\u201d, dijo el mandatario.<\/p>\n<p>Precis\u00f3 que ya se comenz\u00f3 el trabajo de mantenimiento de las c\u00e1maras, alarmas y el n\u00famero 123, que desde hace mucho rato no se hac\u00edan para que est\u00e9n en pleno funcionamiento para garantizar la seguridad y la convivencia ciudadana de los cartageneros.<\/p>\n<p>Con relaci\u00f3n a las 37 nuevas c\u00e1maras de seguridad que se instalar\u00e1n en el Centro Hist\u00f3rico, el Alcalde dijo estas ya est\u00e1n autorizadas y el proyecto fue aprobado por el Ministerio del Interior.<\/p>\n<p>As\u00ed mismo dijo que trabajar\u00e1 en implementar un nuevo proyecto consistente en tener c\u00e1maras lectoras de placas de veh\u00edculos, que ya funcionan en Medell\u00edn, para establecer si estos han participado en alg\u00fan acto il\u00edcito. \u201cOjal\u00e1 antes de terminar este a\u00f1o podamos contar con este sistema\u201d, afirm\u00f3.<\/p>\n<p>Pidi\u00f3 a la comunidad el buen uso de estos sistemas de seguridad que son para beneficio de todos.<\/p>\n<p><strong>Contratista<\/strong><\/p>\n<p>Emiro Carlos Valdez L\u00f3pez, gerente de la Empresa para la seguridad Urbana de Medell\u00edn, destac\u00f3 que este convenio es muy importante para la ciudad y lo que se busca es aplicar los recursos p\u00fablicos en la seguridad de la ciudad.<\/p>\n<p>\u201cEsta empresa est\u00e1 dedicada a la tecnolog\u00eda aplicada a la seguridad p\u00fablica dedicar\u00e1 los recursos econ\u00f3micos contratados en tres alcances b\u00e1sicos. El primero est\u00e1 relacionado con la operaci\u00f3n del circuito de sistema cerrado de televisi\u00f3n de la ciudad, recuperaci\u00f3n de c\u00e1maras; un segundo alcance que es para la l\u00ednea 123 para la atenci\u00f3n de emergencias que est\u00e9 cien por ciento operativa y un tercer alcance basado en el sistema de alarmas comunitarias, muy importante para la conectividad de las comunidades, la Alcald\u00eda y las autoridades.<\/p>\n<p>El contrato es hasta el 31 de diciembre de 2019 y se inici\u00f3 en la primera semana de julio. \u201cA la fecha tenemos victorias tempranas con 99 c\u00e1maras que ya est\u00e1n operando el sistema en la fase 1, m\u00e1s 194 de la fase 2, con avances muy importantes\u201d.<\/p>\n<p>En cuanto a las alarmas comunitarias son 126 y son importantes porque permiten hacer una geolocalizaci\u00f3n de\u00a0 la denuncia y acercar los cuadrantes de la Polic\u00eda para enfrentar el accionar delictivo y reaccionar en tiempo real y efectivo<\/p>\n<p>\u201cCon el 123 se har\u00e1 la actualizaci\u00f3n, mantenimiento correctivo y preventivo del sistema para que la atenci\u00f3n y el despacho de las unidades sea oportuno y efectivo en cuanto a la atenci\u00f3n al ciudadano\u201d.<\/p>\n<p><strong>Polic\u00eda Metropolitana de Cartagena<\/strong><\/p>\n<p>Por su parte, el comandante de la Polic\u00eda Metropolitana de Cartagena, General Henry Sanabria Cely, se\u00f1al\u00f3 que el convenio adelantado entre el Distrito y\u00a0 la Empresa para la Seguridad Urbana, de Medell\u00edn, da una enorme tranquilidad dada la experiencia acreditada.<\/p>\n<p>\u201cYa hay un avance lo que permitir\u00e1 tengamos en funcionamiento la totalidad de las 609 c\u00e1maras con las que cuenta el Distrito y la Polic\u00eda para trabajar la prevenci\u00f3n y de reacci\u00f3n ante cualquier hecho delictivos\u201d, sostuvo el oficial.<\/p>\n<p><strong>Taxistas<\/strong><\/p>\n<p>V\u00edctor P\u00e9rez, vicepresidente del Sindicato de Taxistas de Cartagena, dijo que el gremio se sentir\u00e1 m\u00e1s seguro. \u201cNo solo para nosotros los taxistas, sino tambi\u00e9n para toda la ciudadan\u00eda en general, ya que entre todos estamos trabajando para combatir la delincuencia. Felicito al Alcalde porque \u00e9l es cartagenero y sabe de las necesidades. Estamos de acuerdo con esta gesti\u00f3n en pro de la seguridad\u201d.<\/p>\n<p><strong>Los comunales<\/strong><\/p>\n<p>Por su parte, Geberson Ortiz, presidente de la Asociaci\u00f3n de Juntas de la Localidad Industrial y de la Bah\u00eda, destac\u00f3 la firma del convenio para realizar el mantenimiento del Sistema Integrado de Emergencia y Seguridad (SIES) de Cartagena.<\/p>\n<p>\u201cExcelente este convenio. Lo mejor que le ha pasado a la ciudad y\u00a0 Cartagena tendr\u00e1 un servicio de vigilancia desde la Polic\u00eda m\u00e1s eficiente. Felicitamos al Alcalde desde las organizaciones comunales, que hemos respaldado su gesti\u00f3n\u201d.<\/p>\n<p>Expres\u00f3 que su presencia como l\u00edder social en el encuentro con las autoridades es muestra que el gobierno de Pereira Caballero es de puertas abiertas y eso ha permitido articular acciones desde la comunidad, tal como lo recalc\u00f3 el contratista y el mandatario.<\/p>\n<p><strong>Empresas de vigilancia<\/strong><\/p>\n<p>A este encuentro tambi\u00e9n asisti\u00f3\u00a0 Gabriel de Zubir\u00eda, representante de las m\u00e1s de 70 compa\u00f1\u00edas de vigilancia que operan en Cartagena, quien puso a disposici\u00f3n del Alcalde y de la Polic\u00eda los m\u00e1s de 2 mil guardas en la ciudad para sumarse al trabajo por la seguridad de la Heroica.<\/p>\n<p>\u201cHemos trabajado de la mano de la Polic\u00eda Nacional y ahora con Distriseguridad lo hicimos para sacar adelante es gran proyecto por la seguridad de Cartagena\u201d.<\/p>\n","protected":false},"excerpt":{"rendered":"<p>Una fuerte advertencia hizo el alcalde Pedrito Pereira Caballero a la delincuencia que quiere sabotear la seguridad en la ciudad. El mandatario les dijo que uno de sus pilares de gobierno es la seguridad y que no escatimar\u00e1 esfuerzos para hacer de Cartagena una ciudad segura. \u201cCartagena va a tener su sistema de vigilancia trabajando a toda su capacidad, las c\u00e1maras que no funcionaban ya sirven, as\u00ed como el sistema 123 y las alarmas comunitarias, gracias al convenio por $2.100 millones que hizo Distriseguridad con la Empresa de Seguridad Urbana&#8230; <\/p>\n","protected":false},"author":3,"featured_media":30953,"comment_status":"open","ping_status":"closed","sticky":false,"template":"","format":"standard","meta":{"footnotes":"","_links_to":"","_links_to_target":""},"categories":[75,32,88],"tags":[],"class_list":["post-30952","post","type-post","status-publish","format-standard","has-post-thumbnail","hentry","category-destacada","category-actualidad-distrito","category-seguridad"],"_links":{"self":[{"href":"https:\/\/revistazetta.com\/index.php?rest_route=\/wp\/v2\/posts\/30952","targetHints":{"allow":["GET"]}}],"collection":[{"href":"https:\/\/revistazetta.com\/index.php?rest_route=\/wp\/v2\/posts"}],"about":[{"href":"https:\/\/revistazetta.com\/index.php?rest_route=\/wp\/v2\/types\/post"}],"author":[{"embeddable":true,"href":"https:\/\/revistazetta.com\/index.php?rest_route=\/wp\/v2\/users\/3"}],"replies":[{"embeddable":true,"href":"https:\/\/revistazetta.com\/index.php?rest_route=%2Fwp%2Fv2%2Fcomments&post=30952"}],"version-history":[{"count":0,"href":"https:\/\/revistazetta.com\/index.php?rest_route=\/wp\/v2\/posts\/30952\/revisions"}],"wp:featuredmedia":[{"embeddable":true,"href":"https:\/\/revistazetta.com\/index.php?rest_route=\/wp\/v2\/media\/30953"}],"wp:attachment":[{"href":"https:\/\/revistazetta.com\/index.php?rest_route=%2Fwp%2Fv2%2Fmedia&parent=30952"}],"wp:term":[{"taxonomy":"category","embeddable":true,"href":"https:\/\/revistazetta.com\/index.php?rest_route=%2Fwp%2Fv2%2Fcategories&post=30952"},{"taxonomy":"post_tag","embeddable":true,"href":"https:\/\/revistazetta.com\/index.php?rest_route=%2Fwp%2Fv2%2Ftags&post=30952"}],"curies":[{"name":"wp","href":"https:\/\/api.w.org\/{rel}","templated":true}]}}