{"id":30962,"date":"2019-07-19T15:56:36","date_gmt":"2019-07-19T20:56:36","guid":{"rendered":"http:\/\/www.revistazetta.com\/?p=30962"},"modified":"2019-07-19T15:56:36","modified_gmt":"2019-07-19T20:56:36","slug":"jesus-payares-dara-conectividad-bolivar","status":"publish","type":"post","link":"https:\/\/revistazetta.com\/?p=30962","title":{"rendered":"Jes\u00fas Payares dar\u00e1 conectividad a Bol\u00edvar"},"content":{"rendered":"<p><img loading=\"lazy\" decoding=\"async\" class=\"size-medium wp-image-30966 alignright\" src=\"https:\/\/www.revistazetta.com\/wp-content\/uploads\/2019\/07\/IMG_3994-300x188.jpg\" alt=\"\" width=\"300\" height=\"188\" srcset=\"https:\/\/revistazetta.com\/wp-content\/uploads\/2019\/07\/IMG_3994-300x188.jpg 300w, https:\/\/revistazetta.com\/wp-content\/uploads\/2019\/07\/IMG_3994-234x146.jpg 234w, https:\/\/revistazetta.com\/wp-content\/uploads\/2019\/07\/IMG_3994-50x31.jpg 50w, https:\/\/revistazetta.com\/wp-content\/uploads\/2019\/07\/IMG_3994-120x75.jpg 120w, https:\/\/revistazetta.com\/wp-content\/uploads\/2019\/07\/IMG_3994.jpg 640w\" sizes=\"auto, (max-width: 300px) 100vw, 300px\" \/>Establecer circuitos que conecten las distintas subregiones de Bol\u00edvar es uno de los elementos distintivos\u00a0 de la propuesta de Jes\u00fas Payares a la Gobernaci\u00f3n de Bol\u00edvar.<\/p>\n<p>El candidato del partido MAIS considera que el r\u00edo Magdalena ha sido la arteria tradicional por la que se ha movido el transporte y el comercio en la provincia, pero se requieren nuevas rutas que agilicen e integren a los bolivarenses.<\/p>\n<p>En su recorrido por la provincia bolivarense, las comunidades le est\u00e1n compartiendo a Payares las soluciones que consideran se deben ejecutar, distingui\u00e9ndose la necesidad de un plan espec\u00edfico de v\u00edas terciarias, que comuniquen a los municipios entre s\u00ed, lo mismo que a sus corregimientos.<\/p>\n<p>Seg\u00fan Payares, este es un elemento dinamizador de la econom\u00eda, pues facilita la salida de productos desde los lugares de cultivo y producci\u00f3n, a la par de la llegada de insumos necesarios para las tareas del campo.<\/p>\n<p>Desde que recibi\u00f3 el aval del MAIS, Payares Castillo ha intensificado su presencia en las comunidades, compartiendo esta y otras propuestas.<\/p>\n<p>Esta semana recorri\u00f3 sectores de Olaya Herrera, Nuevo Bosque en Cartagena, lo mismo que municipios como Carmen de Bol\u00edvar, Arjona, Turbaco y Turbana.<\/p>\n<p><img loading=\"lazy\" decoding=\"async\" class=\"size-medium wp-image-30967 aligncenter\" src=\"https:\/\/www.revistazetta.com\/wp-content\/uploads\/2019\/07\/IMG_3995-300x188.jpg\" alt=\"\" width=\"300\" height=\"188\" srcset=\"https:\/\/revistazetta.com\/wp-content\/uploads\/2019\/07\/IMG_3995-300x188.jpg 300w, https:\/\/revistazetta.com\/wp-content\/uploads\/2019\/07\/IMG_3995-234x146.jpg 234w, https:\/\/revistazetta.com\/wp-content\/uploads\/2019\/07\/IMG_3995-50x31.jpg 50w, https:\/\/revistazetta.com\/wp-content\/uploads\/2019\/07\/IMG_3995-120x75.jpg 120w, https:\/\/revistazetta.com\/wp-content\/uploads\/2019\/07\/IMG_3995.jpg 640w\" sizes=\"auto, (max-width: 300px) 100vw, 300px\" \/><\/p>\n<p><img loading=\"lazy\" decoding=\"async\" class=\"size-medium wp-image-30965 aligncenter\" src=\"https:\/\/www.revistazetta.com\/wp-content\/uploads\/2019\/07\/IMG_3996-300x225.jpg\" alt=\"\" width=\"300\" height=\"225\" srcset=\"https:\/\/revistazetta.com\/wp-content\/uploads\/2019\/07\/IMG_3996-300x225.jpg 300w, https:\/\/revistazetta.com\/wp-content\/uploads\/2019\/07\/IMG_3996-1024x766.jpg 1024w, https:\/\/revistazetta.com\/wp-content\/uploads\/2019\/07\/IMG_3996-195x146.jpg 195w, https:\/\/revistazetta.com\/wp-content\/uploads\/2019\/07\/IMG_3996-50x37.jpg 50w, https:\/\/revistazetta.com\/wp-content\/uploads\/2019\/07\/IMG_3996-100x75.jpg 100w, https:\/\/revistazetta.com\/wp-content\/uploads\/2019\/07\/IMG_3996.jpg 1125w\" sizes=\"auto, (max-width: 300px) 100vw, 300px\" \/><\/p>\n<p>&nbsp;<\/p>\n","protected":false},"excerpt":{"rendered":"<p>Establecer circuitos que conecten las distintas subregiones de Bol\u00edvar es uno de los elementos distintivos\u00a0 de la propuesta de Jes\u00fas Payares a la Gobernaci\u00f3n de Bol\u00edvar. El candidato del partido MAIS considera que el r\u00edo Magdalena ha sido la arteria tradicional por la que se ha movido el transporte y el comercio en la provincia, pero se requieren nuevas rutas que agilicen e integren a los bolivarenses. En su recorrido por la provincia bolivarense, las comunidades le est\u00e1n compartiendo a Payares las soluciones que consideran se deben ejecutar, distingui\u00e9ndose la&#8230; <\/p>\n","protected":false},"author":3,"featured_media":30963,"comment_status":"open","ping_status":"closed","sticky":false,"template":"","format":"standard","meta":{"footnotes":"","_links_to":"","_links_to_target":""},"categories":[75,4],"tags":[],"class_list":["post-30962","post","type-post","status-publish","format-standard","has-post-thumbnail","hentry","category-destacada","category-politica"],"_links":{"self":[{"href":"https:\/\/revistazetta.com\/index.php?rest_route=\/wp\/v2\/posts\/30962","targetHints":{"allow":["GET"]}}],"collection":[{"href":"https:\/\/revistazetta.com\/index.php?rest_route=\/wp\/v2\/posts"}],"about":[{"href":"https:\/\/revistazetta.com\/index.php?rest_route=\/wp\/v2\/types\/post"}],"author":[{"embeddable":true,"href":"https:\/\/revistazetta.com\/index.php?rest_route=\/wp\/v2\/users\/3"}],"replies":[{"embeddable":true,"href":"https:\/\/revistazetta.com\/index.php?rest_route=%2Fwp%2Fv2%2Fcomments&post=30962"}],"version-history":[{"count":0,"href":"https:\/\/revistazetta.com\/index.php?rest_route=\/wp\/v2\/posts\/30962\/revisions"}],"wp:featuredmedia":[{"embeddable":true,"href":"https:\/\/revistazetta.com\/index.php?rest_route=\/wp\/v2\/media\/30963"}],"wp:attachment":[{"href":"https:\/\/revistazetta.com\/index.php?rest_route=%2Fwp%2Fv2%2Fmedia&parent=30962"}],"wp:term":[{"taxonomy":"category","embeddable":true,"href":"https:\/\/revistazetta.com\/index.php?rest_route=%2Fwp%2Fv2%2Fcategories&post=30962"},{"taxonomy":"post_tag","embeddable":true,"href":"https:\/\/revistazetta.com\/index.php?rest_route=%2Fwp%2Fv2%2Ftags&post=30962"}],"curies":[{"name":"wp","href":"https:\/\/api.w.org\/{rel}","templated":true}]}}