{"id":30968,"date":"2019-07-19T16:02:07","date_gmt":"2019-07-19T21:02:07","guid":{"rendered":"http:\/\/www.revistazetta.com\/?p=30968"},"modified":"2019-07-19T16:02:07","modified_gmt":"2019-07-19T21:02:07","slug":"sergio-londono-primero-se-inscribe-candidato-la-alcaldia","status":"publish","type":"post","link":"https:\/\/revistazetta.com\/?p=30968","title":{"rendered":"Sergio Londo\u00f1o, primero que se inscribe como candidato a la Alcald\u00eda"},"content":{"rendered":"<blockquote><p><strong>Sergio Londo\u00f1o se convirti\u00f3 en el primer aspirante oficial ante las elecciones del pr\u00f3ximo \u202a27 de octubre\u202c.<\/strong><\/p>\n<p><img loading=\"lazy\" decoding=\"async\" class=\"alignright wp-image-30969 size-large\" src=\"https:\/\/www.revistazetta.com\/wp-content\/uploads\/2019\/07\/PHOTO-2019-07-19-11-57-40-1024x682.jpg\" alt=\"\" width=\"1024\" height=\"682\" srcset=\"https:\/\/revistazetta.com\/wp-content\/uploads\/2019\/07\/PHOTO-2019-07-19-11-57-40-1024x682.jpg 1024w, https:\/\/revistazetta.com\/wp-content\/uploads\/2019\/07\/PHOTO-2019-07-19-11-57-40-300x200.jpg 300w, https:\/\/revistazetta.com\/wp-content\/uploads\/2019\/07\/PHOTO-2019-07-19-11-57-40-219x146.jpg 219w, https:\/\/revistazetta.com\/wp-content\/uploads\/2019\/07\/PHOTO-2019-07-19-11-57-40-50x33.jpg 50w, https:\/\/revistazetta.com\/wp-content\/uploads\/2019\/07\/PHOTO-2019-07-19-11-57-40-113x75.jpg 113w, https:\/\/revistazetta.com\/wp-content\/uploads\/2019\/07\/PHOTO-2019-07-19-11-57-40.jpg 1280w\" sizes=\"auto, (max-width: 1024px) 100vw, 1024px\" \/><\/p><\/blockquote>\n<p>Acompa\u00f1ado de cientos de cartageneros con pancartas de apoyo y algunos de los representantes del partido Colombia Renaciente, el exalcalde encargado de Cartagena y ex presidente de la Agencia Presidencial de Cooperaci\u00f3n Internacional (APC-Colombia) oficializ\u00f3 su candidatura para ocupar el cargo de Alcalde de Cartagena en la sede de la Registradur\u00eda Nacional en Lo Amador.<\/p>\n<p>\u201cTengo la convicci\u00f3n de que podemos cambiar la resignaci\u00f3n por valent\u00eda. Desde la Alcald\u00eda, quiero luchar para unir lo que han dividido. Para devolverle la dignidad a nuestra sonrisa\u201d, expres\u00f3.<\/p>\n<p>El candidato lleg\u00f3 \u202aa las 11:00 de la ma\u00f1ana\u202c de este viernes a la sede de la Registradur\u00eda Nacional en el barrio Lo Amador para inscribir oficialmente su aspiraci\u00f3n a la Alcald\u00eda de Cartagena.<\/p>\n<p>Sergio Londo\u00f1o, que cont\u00f3 con el apoyo de los delegados departamentales del partido Colombia Renaciente y cientos de simpatizantes que hicieron se hicieron sentir en un recorrido que inici\u00f3 en el parque de Los Leones, llam\u00f3 la atenci\u00f3n al dirigirse a un amplio grupo de ciudadanos convocados como voluntarios a trav\u00e9s de las redes sociales y p\u00e1gina web.<\/p>\n<p>\u00abEstoy preparado para liderar esta batalla que es nuestra, y vamos a liderarla con juventud, con transparencia y con honor\u201d, declar\u00f3.<\/p>\n<p><img loading=\"lazy\" decoding=\"async\" class=\"size-medium wp-image-30970 aligncenter\" src=\"https:\/\/www.revistazetta.com\/wp-content\/uploads\/2019\/07\/PHOTO-2019-07-19-11-57-41-300x200.jpg\" alt=\"\" width=\"300\" height=\"200\" srcset=\"https:\/\/revistazetta.com\/wp-content\/uploads\/2019\/07\/PHOTO-2019-07-19-11-57-41-300x200.jpg 300w, https:\/\/revistazetta.com\/wp-content\/uploads\/2019\/07\/PHOTO-2019-07-19-11-57-41-1024x682.jpg 1024w, https:\/\/revistazetta.com\/wp-content\/uploads\/2019\/07\/PHOTO-2019-07-19-11-57-41-219x146.jpg 219w, https:\/\/revistazetta.com\/wp-content\/uploads\/2019\/07\/PHOTO-2019-07-19-11-57-41-50x33.jpg 50w, https:\/\/revistazetta.com\/wp-content\/uploads\/2019\/07\/PHOTO-2019-07-19-11-57-41-113x75.jpg 113w, https:\/\/revistazetta.com\/wp-content\/uploads\/2019\/07\/PHOTO-2019-07-19-11-57-41.jpg 1280w\" sizes=\"auto, (max-width: 300px) 100vw, 300px\" \/><\/p>\n<p><strong>Perfil del candidato<\/strong><\/p>\n<p>Sergio Londo\u00f1o es polit\u00f3logo, especialista en Gobierno y Gerencia P\u00fablica, ha sido Director de la\u00a0Agencia Presidencial de Cooperaci\u00f3n (Feb. 2017 a Sept. 2018 ) \u00a0y alcalde encargado de esta ciudad (Mayo 2017 a Junio 2017 y Julio 2017 &#8211; Mayo 2018) y actualmente es Director General de la Fundaci\u00f3n Compaz desde septiembre del 2018.<\/p>\n<p>Cuenta con una amplia experiencia en asuntos pol\u00edticos locales y nacionales, as\u00ed como en relaciones internacionales. Visiona una Cartagena con instituciones transparentes y eficientes, capaces de devolverle la confianza a su gente.<\/p>\n<p>Dentro de sus logros como alcalde encargado se destacan: La estrategia de ciudad espejo que llev\u00f3 juegos pirot\u00e9cnicos \u202ael 31 de diciembre\u202c, letreros monumentales tanto en la Avenida Santander como en La Perimetral y puentes de pl\u00e1stico reciclado para conectar los habitantes de Nelson Mandela, Boston, Olaya y Fredonia, todos producto de la articulaci\u00f3n con empresa privada; La creaci\u00f3n del Banco de Hojas de Vida del distrito, que impulsaba la contrataci\u00f3n por m\u00e9ritos; la rehabilitaci\u00f3n de la V\u00eda Perimetral, la carrera s\u00e9ptima de La Boquilla; la puesta en marcha de los convenios de Protecci\u00f3n Costera de Playetas, Tierra Bomba y Laguito- Marbella; el impulso a Transcaribe y m\u00e1s de otros 250 logros de Esperanza.<\/p>\n<p><img loading=\"lazy\" decoding=\"async\" class=\"size-medium wp-image-30971 aligncenter\" src=\"https:\/\/www.revistazetta.com\/wp-content\/uploads\/2019\/07\/PHOTO-2019-07-19-13-34-33-300x200.jpg\" alt=\"\" width=\"300\" height=\"200\" srcset=\"https:\/\/revistazetta.com\/wp-content\/uploads\/2019\/07\/PHOTO-2019-07-19-13-34-33-300x200.jpg 300w, https:\/\/revistazetta.com\/wp-content\/uploads\/2019\/07\/PHOTO-2019-07-19-13-34-33-1024x682.jpg 1024w, https:\/\/revistazetta.com\/wp-content\/uploads\/2019\/07\/PHOTO-2019-07-19-13-34-33-219x146.jpg 219w, https:\/\/revistazetta.com\/wp-content\/uploads\/2019\/07\/PHOTO-2019-07-19-13-34-33-50x33.jpg 50w, https:\/\/revistazetta.com\/wp-content\/uploads\/2019\/07\/PHOTO-2019-07-19-13-34-33-113x75.jpg 113w, https:\/\/revistazetta.com\/wp-content\/uploads\/2019\/07\/PHOTO-2019-07-19-13-34-33.jpg 1280w\" sizes=\"auto, (max-width: 300px) 100vw, 300px\" \/><\/p>\n","protected":false},"excerpt":{"rendered":"<p>Sergio Londo\u00f1o se convirti\u00f3 en el primer aspirante oficial ante las elecciones del pr\u00f3ximo \u202a27 de octubre\u202c. Acompa\u00f1ado de cientos de cartageneros con pancartas de apoyo y algunos de los representantes del partido Colombia Renaciente, el exalcalde encargado de Cartagena y ex presidente de la Agencia Presidencial de Cooperaci\u00f3n Internacional (APC-Colombia) oficializ\u00f3 su candidatura para ocupar el cargo de Alcalde de Cartagena en la sede de la Registradur\u00eda Nacional en Lo Amador. \u201cTengo la convicci\u00f3n de que podemos cambiar la resignaci\u00f3n por valent\u00eda. Desde la Alcald\u00eda, quiero luchar para unir&#8230; <\/p>\n","protected":false},"author":3,"featured_media":30964,"comment_status":"open","ping_status":"closed","sticky":false,"template":"","format":"standard","meta":{"footnotes":"","_links_to":"","_links_to_target":""},"categories":[75,4],"tags":[],"class_list":["post-30968","post","type-post","status-publish","format-standard","has-post-thumbnail","hentry","category-destacada","category-politica"],"_links":{"self":[{"href":"https:\/\/revistazetta.com\/index.php?rest_route=\/wp\/v2\/posts\/30968","targetHints":{"allow":["GET"]}}],"collection":[{"href":"https:\/\/revistazetta.com\/index.php?rest_route=\/wp\/v2\/posts"}],"about":[{"href":"https:\/\/revistazetta.com\/index.php?rest_route=\/wp\/v2\/types\/post"}],"author":[{"embeddable":true,"href":"https:\/\/revistazetta.com\/index.php?rest_route=\/wp\/v2\/users\/3"}],"replies":[{"embeddable":true,"href":"https:\/\/revistazetta.com\/index.php?rest_route=%2Fwp%2Fv2%2Fcomments&post=30968"}],"version-history":[{"count":0,"href":"https:\/\/revistazetta.com\/index.php?rest_route=\/wp\/v2\/posts\/30968\/revisions"}],"wp:featuredmedia":[{"embeddable":true,"href":"https:\/\/revistazetta.com\/index.php?rest_route=\/wp\/v2\/media\/30964"}],"wp:attachment":[{"href":"https:\/\/revistazetta.com\/index.php?rest_route=%2Fwp%2Fv2%2Fmedia&parent=30968"}],"wp:term":[{"taxonomy":"category","embeddable":true,"href":"https:\/\/revistazetta.com\/index.php?rest_route=%2Fwp%2Fv2%2Fcategories&post=30968"},{"taxonomy":"post_tag","embeddable":true,"href":"https:\/\/revistazetta.com\/index.php?rest_route=%2Fwp%2Fv2%2Ftags&post=30968"}],"curies":[{"name":"wp","href":"https:\/\/api.w.org\/{rel}","templated":true}]}}