{"id":31079,"date":"2019-07-23T16:25:41","date_gmt":"2019-07-23T21:25:41","guid":{"rendered":"http:\/\/www.revistazetta.com\/?p=31079"},"modified":"2019-07-23T16:58:54","modified_gmt":"2019-07-23T21:58:54","slug":"maxima-distincion-la-asamblea-senador-lidio-garcia","status":"publish","type":"post","link":"https:\/\/revistazetta.com\/?p=31079","title":{"rendered":"M\u00e1xima distinci\u00f3n de la Asamblea para el senador Lidio Garc\u00eda"},"content":{"rendered":"<p>La Asamblea Departamental de Bol\u00edvar decidi\u00f3 otorgar su m\u00e1xima distinci\u00f3n al senador Lidio Garc\u00eda Turbay, con ocasi\u00f3n de su elecci\u00f3n como Presidente del Senado.<\/p>\n<p>A Garc\u00eda Turbay se le impondr\u00e1 la medalla \u201cJos\u00e9 Manuel Rodr\u00edguez Torices\u201d y nota de estilo, en ceremonia ser\u00e1 oportunamente divulgada por la Mesa Directiva.<\/p>\n<p>Ignacio Becerra Ba\u00f1os, presidente de la Asamblea, explic\u00f3 que es un honor que un hijo de El Carmen de Bol\u00edvar sea ahora la cabeza de uno de las tres ramas del poder p\u00fablico.<\/p>\n<p>\u201cEl senador Lidio Garc\u00eda tiene una trayectoria de 30 a\u00f1os en el servicio p\u00fablico, fue concejal de su municipio y diputado de la Asamblea Departamental, lo que nos honra\u201d, dijo Becerra.<\/p>\n<p>La proposici\u00f3n de honores fue suscrita por todos los diputados de la Asamblea. La diputada Ver\u00f3nica Payares V\u00e1squez ley\u00f3 desde su curul la proposici\u00f3n.<\/p>\n","protected":false},"excerpt":{"rendered":"<p>La Asamblea Departamental de Bol\u00edvar decidi\u00f3 otorgar su m\u00e1xima distinci\u00f3n al senador Lidio Garc\u00eda Turbay, con ocasi\u00f3n de su elecci\u00f3n como Presidente del Senado. A Garc\u00eda Turbay se le impondr\u00e1 la medalla \u201cJos\u00e9 Manuel Rodr\u00edguez Torices\u201d y nota de estilo, en ceremonia ser\u00e1 oportunamente divulgada por la Mesa Directiva. Ignacio Becerra Ba\u00f1os, presidente de la Asamblea, explic\u00f3 que es un honor que un hijo de El Carmen de Bol\u00edvar sea ahora la cabeza de uno de las tres ramas del poder p\u00fablico. \u201cEl senador Lidio Garc\u00eda tiene una trayectoria de&#8230; <\/p>\n","protected":false},"author":3,"featured_media":0,"comment_status":"open","ping_status":"closed","sticky":false,"template":"","format":"standard","meta":{"footnotes":"","_links_to":"","_links_to_target":""},"categories":[75,4],"tags":[],"class_list":["post-31079","post","type-post","status-publish","format-standard","hentry","category-destacada","category-politica"],"_links":{"self":[{"href":"https:\/\/revistazetta.com\/index.php?rest_route=\/wp\/v2\/posts\/31079","targetHints":{"allow":["GET"]}}],"collection":[{"href":"https:\/\/revistazetta.com\/index.php?rest_route=\/wp\/v2\/posts"}],"about":[{"href":"https:\/\/revistazetta.com\/index.php?rest_route=\/wp\/v2\/types\/post"}],"author":[{"embeddable":true,"href":"https:\/\/revistazetta.com\/index.php?rest_route=\/wp\/v2\/users\/3"}],"replies":[{"embeddable":true,"href":"https:\/\/revistazetta.com\/index.php?rest_route=%2Fwp%2Fv2%2Fcomments&post=31079"}],"version-history":[{"count":0,"href":"https:\/\/revistazetta.com\/index.php?rest_route=\/wp\/v2\/posts\/31079\/revisions"}],"wp:attachment":[{"href":"https:\/\/revistazetta.com\/index.php?rest_route=%2Fwp%2Fv2%2Fmedia&parent=31079"}],"wp:term":[{"taxonomy":"category","embeddable":true,"href":"https:\/\/revistazetta.com\/index.php?rest_route=%2Fwp%2Fv2%2Fcategories&post=31079"},{"taxonomy":"post_tag","embeddable":true,"href":"https:\/\/revistazetta.com\/index.php?rest_route=%2Fwp%2Fv2%2Ftags&post=31079"}],"curies":[{"name":"wp","href":"https:\/\/api.w.org\/{rel}","templated":true}]}}