{"id":31082,"date":"2019-07-24T05:53:51","date_gmt":"2019-07-24T10:53:51","guid":{"rendered":"http:\/\/www.revistazetta.com\/?p=31082"},"modified":"2019-07-24T05:53:51","modified_gmt":"2019-07-24T10:53:51","slug":"palacio-la-aduana-no-esta-venta-nabil-al-inscribirse","status":"publish","type":"post","link":"https:\/\/revistazetta.com\/?p=31082","title":{"rendered":"El Palacio de la Aduana no est\u00e1 en venta: Nabil al inscribirse"},"content":{"rendered":"<p><img loading=\"lazy\" decoding=\"async\" class=\"alignright wp-image-31088 size-full\" src=\"https:\/\/www.revistazetta.com\/wp-content\/uploads\/2019\/07\/Nabil-6.jpg\" alt=\"\" width=\"640\" height=\"800\" srcset=\"https:\/\/revistazetta.com\/wp-content\/uploads\/2019\/07\/Nabil-6.jpg 640w, https:\/\/revistazetta.com\/wp-content\/uploads\/2019\/07\/Nabil-6-240x300.jpg 240w, https:\/\/revistazetta.com\/wp-content\/uploads\/2019\/07\/Nabil-6-117x146.jpg 117w, https:\/\/revistazetta.com\/wp-content\/uploads\/2019\/07\/Nabil-6-40x50.jpg 40w, https:\/\/revistazetta.com\/wp-content\/uploads\/2019\/07\/Nabil-6-60x75.jpg 60w\" sizes=\"auto, (max-width: 640px) 100vw, 640px\" \/>Una dura proclama contra la corrupci\u00f3n pol\u00edtica lanz\u00f3 Nabil B\u00e1ladi Gede\u00f3n al inscribir su candidatura a la Alcald\u00eda de Cartagena con el aval del Polo democr\u00e1tico Alternativo y el MAIS.<\/p>\n<p>Acompa\u00f1ado por el jefe del Polo en Bol\u00edvar, el exconcejal David M\u00fanera, y por su esposa y su hijo, el empresario expres\u00f3 que \u201clos ciudadanos se sienten indignados, emputados e insatisfechos del acontecer pol\u00edtico, mas no son apol\u00edticos, simplemente est\u00e1n iracundos de que el dinero y el padrinaje sean la base de la corrupci\u00f3n del sistema\u201d.<\/p>\n<p>Este es su discurso de inscripci\u00f3n:<\/p>\n<p>Estimados amigos ciudadanos y ciudadanas de Cartagena.<\/p>\n<p>Hoy es un d\u00eda especial en la historia de nuestra ciudad, empezamos este camino de uni\u00f3n y lucha que nos conduce al Gobierno Distrital con la finalidad de rescatar, defender y generar una nueva visi\u00f3n de Cartagena para traer de vuelta la grandeza de nuestras ra\u00edces, en la lucha por la libertad y el bien com\u00fan.<\/p>\n<p>A lo largo de estos primeros meses -los que he llamado la temporada de entrenamiento- para comenzar la carrera oficial hacia el Palacio de la Aduana, he observado de primera mano, que los ciudadanos se sienten indignados, emputados e insatisfechos del acontecer pol\u00edtico, mas no son apol\u00edticos, simplemente est\u00e1n iracundos de que el dinero y el padrinaje sean la base de la corrupci\u00f3n del sistema. Parece que el enga\u00f1o, la mentira y la deshonestidad son las caracter\u00edsticas dominantes de los que dicen llamarse l\u00edderes.<\/p>\n<p><img loading=\"lazy\" decoding=\"async\" class=\"size-medium wp-image-31087 alignright\" src=\"https:\/\/www.revistazetta.com\/wp-content\/uploads\/2019\/07\/Nabil-5-300x240.jpg\" alt=\"\" width=\"300\" height=\"240\" srcset=\"https:\/\/revistazetta.com\/wp-content\/uploads\/2019\/07\/Nabil-5-300x240.jpg 300w, https:\/\/revistazetta.com\/wp-content\/uploads\/2019\/07\/Nabil-5-183x146.jpg 183w, https:\/\/revistazetta.com\/wp-content\/uploads\/2019\/07\/Nabil-5-50x40.jpg 50w, https:\/\/revistazetta.com\/wp-content\/uploads\/2019\/07\/Nabil-5-94x75.jpg 94w, https:\/\/revistazetta.com\/wp-content\/uploads\/2019\/07\/Nabil-5.jpg 800w\" sizes=\"auto, (max-width: 300px) 100vw, 300px\" \/>Pero tambi\u00e9n he sentido que la Esperanza y Deseo de la Mayor\u00eda Silenciosa de Mujeres y Hombres de todas las edades de nuestra Cartagena de Indias, es so\u00f1ar y estar listos para comenzar un proceso que permita cambiar el curso de la historia y demostrar que estamos hechos de una fibra especial. Luego de la experiencia, he concluido, que la riqueza del barrio, de la ciudad est\u00e1 en la creatividad y educaci\u00f3n de sus gentes.<\/p>\n<p>Hoy les digo con fuerza y mucha seguridad, que ganaremos esta batalla y que el Palacio de la Aduana no est\u00e1 en venta. Demostraremos con nuestro programa de Gobierno que hoy entregamos, que, al terminar nuestra administraci\u00f3n, la ciudad estar\u00e1 organizada con gobernanza, de manera que perdure y experimente una gran transformaci\u00f3n de bienestar para los cartageneros. Voy a darle a mi Gobierno un tono y un estilo que sirva como ejemplo de inspiraci\u00f3n.<\/p>\n<p>La lucha contra la miseria, la desesperaci\u00f3n, el hambre, la falta de conocimiento y la injusticia a todo nivel, ser\u00e1 la principal tarea de esta administraci\u00f3n progresista.<\/p>\n<p>Los tiempos de hoy no permiten dudas e indecisiones, los tiempos de hoy exigen coraje, conocimiento y acci\u00f3n. Estamos ante un viaje que nos lleva a un puerto seguro para celebrar los 500 a\u00f1os.<\/p>\n<p>Valor, juicio, integridad, honestidad y dedicaci\u00f3n son las cualidades que, con la ayuda de Dios, este hijo de emigrantes sirios espera tener como conducta en los pr\u00f3ximos cuatro a\u00f1os, para servirles a todos los ciudadanos y ciudadanas.<\/p>\n<p><img loading=\"lazy\" decoding=\"async\" class=\"size-medium wp-image-31085 alignright\" src=\"https:\/\/www.revistazetta.com\/wp-content\/uploads\/2019\/07\/Nabil-3-300x188.jpg\" alt=\"\" width=\"300\" height=\"188\" srcset=\"https:\/\/revistazetta.com\/wp-content\/uploads\/2019\/07\/Nabil-3-300x188.jpg 300w, https:\/\/revistazetta.com\/wp-content\/uploads\/2019\/07\/Nabil-3.jpg 1024w, https:\/\/revistazetta.com\/wp-content\/uploads\/2019\/07\/Nabil-3-234x146.jpg 234w, https:\/\/revistazetta.com\/wp-content\/uploads\/2019\/07\/Nabil-3-50x31.jpg 50w, https:\/\/revistazetta.com\/wp-content\/uploads\/2019\/07\/Nabil-3-120x75.jpg 120w\" sizes=\"auto, (max-width: 300px) 100vw, 300px\" \/>Esta administraci\u00f3n cree y promueve la PARTICIPACI\u00d3N CIUDADANA para que se definan las m\u00e1s importantes acciones que se requieren para el desarrollo de una nueva ciudad.<\/p>\n<p>Para m\u00ed, el \u00fanico camino para alcanzar un estado de Gran Bienestar para Cartagena y sus Gentes, es mirar y construir el futuro a trav\u00e9s de la oscura noche que muestra el d\u00eda de hoy. Los corazones y los deseos de los cartageneros esperan nuestras acciones. Al pueblo cartagenero que lucha por acabar con la pobreza y la desigualdad, les prometemos trabajar con ellos y dedicar nuestros mejores esfuerzos para apoyarlos a crecer, a sentirse orgullosos de su desarrollo personal y colectivo, como parte de una din\u00e1mica obligada m\u00e1s que justa.<\/p>\n<p>Como Gobierno tendremos la responsabilidad de mantener el m\u00e1s alto est\u00e1ndar de comportamiento \u00e9tico. No puede haber ninguna aceptaci\u00f3n en el principio de que todos los empleados p\u00fablicos, incluyendo los concejales, deben actuar con total integridad, absoluta honestidad y completa devoci\u00f3n para con el inter\u00e9s p\u00fablico de servirles a los ciudadanos.<\/p>\n<p><img loading=\"lazy\" decoding=\"async\" class=\"size-medium wp-image-31086 alignright\" src=\"https:\/\/www.revistazetta.com\/wp-content\/uploads\/2019\/07\/Nabil-4-240x300.jpg\" alt=\"\" width=\"240\" height=\"300\" srcset=\"https:\/\/revistazetta.com\/wp-content\/uploads\/2019\/07\/Nabil-4-240x300.jpg 240w, https:\/\/revistazetta.com\/wp-content\/uploads\/2019\/07\/Nabil-4-117x146.jpg 117w, https:\/\/revistazetta.com\/wp-content\/uploads\/2019\/07\/Nabil-4-40x50.jpg 40w, https:\/\/revistazetta.com\/wp-content\/uploads\/2019\/07\/Nabil-4-60x75.jpg 60w, https:\/\/revistazetta.com\/wp-content\/uploads\/2019\/07\/Nabil-4.jpg 640w\" sizes=\"auto, (max-width: 240px) 100vw, 240px\" \/>Siento mucho orgullo y honor que me llevan hoy brindarle un reconocimiento a mis padres do\u00f1a Bertha y don Jorge; a mi querida esposa Vivian y mi hijo George, y a toda mi familia B\u00e1ladi Gede\u00f3n, porque con el ejemplo y la acci\u00f3n, hemos demostrado que amamos esta hermosa tierra que nos brind\u00f3 su generosidad, amplia aceptaci\u00f3n y nos permiti\u00f3 desarrollarnos. Por ese cari\u00f1o especial, hemos contribuido a formar a miles de j\u00f3venes a trav\u00e9s de la educaci\u00f3n al estar convencidos que esta es el camino hacia un futuro mejor.<\/p>\n<p>Deseo tambi\u00e9n agradecer al Polo Democr\u00e1tico Alternativo, a sus dirigentes locales y nacionales en cabeza del Dr. David M\u00fanera, y de compa\u00f1eros de lucha como Wilson Borja y Mari Loeste; como tambi\u00e9n al l\u00edder kankuamo Nelson Salas y el partido MAIS, por la confianza brindada en mi nombre. Un abrazo fraterno a todos los amigos que he tenido el placer de\u00a0conocer y trabajar juntos durante este decisivo momento para nosotros y nuestra querida ciudad.<\/p>\n<p>A los ciudadanos y ciudadanas de Cartagena los invito a empezar hoy una nueva era. Lleg\u00f3 la hora de la alianza ciudadana para enfrentar el reto de transformar la ciudad y rescatarla de la corrupci\u00f3n a punta de valores y principios.<\/p>\n<p>&nbsp;<\/p>\n<p>Muchas gracias y a trabajar por Cartagena.<\/p>\n","protected":false},"excerpt":{"rendered":"<p>Una dura proclama contra la corrupci\u00f3n pol\u00edtica lanz\u00f3 Nabil B\u00e1ladi Gede\u00f3n al inscribir su candidatura a la Alcald\u00eda de Cartagena con el aval del Polo democr\u00e1tico Alternativo y el MAIS. Acompa\u00f1ado por el jefe del Polo en Bol\u00edvar, el exconcejal David M\u00fanera, y por su esposa y su hijo, el empresario expres\u00f3 que \u201clos ciudadanos se sienten indignados, emputados e insatisfechos del acontecer pol\u00edtico, mas no son apol\u00edticos, simplemente est\u00e1n iracundos de que el dinero y el padrinaje sean la base de la corrupci\u00f3n del sistema\u201d. Este es su discurso&#8230; <\/p>\n","protected":false},"author":3,"featured_media":31083,"comment_status":"open","ping_status":"closed","sticky":false,"template":"","format":"standard","meta":{"footnotes":"","_links_to":"","_links_to_target":""},"categories":[75,4],"tags":[],"class_list":["post-31082","post","type-post","status-publish","format-standard","has-post-thumbnail","hentry","category-destacada","category-politica"],"_links":{"self":[{"href":"https:\/\/revistazetta.com\/index.php?rest_route=\/wp\/v2\/posts\/31082","targetHints":{"allow":["GET"]}}],"collection":[{"href":"https:\/\/revistazetta.com\/index.php?rest_route=\/wp\/v2\/posts"}],"about":[{"href":"https:\/\/revistazetta.com\/index.php?rest_route=\/wp\/v2\/types\/post"}],"author":[{"embeddable":true,"href":"https:\/\/revistazetta.com\/index.php?rest_route=\/wp\/v2\/users\/3"}],"replies":[{"embeddable":true,"href":"https:\/\/revistazetta.com\/index.php?rest_route=%2Fwp%2Fv2%2Fcomments&post=31082"}],"version-history":[{"count":0,"href":"https:\/\/revistazetta.com\/index.php?rest_route=\/wp\/v2\/posts\/31082\/revisions"}],"wp:featuredmedia":[{"embeddable":true,"href":"https:\/\/revistazetta.com\/index.php?rest_route=\/wp\/v2\/media\/31083"}],"wp:attachment":[{"href":"https:\/\/revistazetta.com\/index.php?rest_route=%2Fwp%2Fv2%2Fmedia&parent=31082"}],"wp:term":[{"taxonomy":"category","embeddable":true,"href":"https:\/\/revistazetta.com\/index.php?rest_route=%2Fwp%2Fv2%2Fcategories&post=31082"},{"taxonomy":"post_tag","embeddable":true,"href":"https:\/\/revistazetta.com\/index.php?rest_route=%2Fwp%2Fv2%2Ftags&post=31082"}],"curies":[{"name":"wp","href":"https:\/\/api.w.org\/{rel}","templated":true}]}}