{"id":31089,"date":"2019-07-24T06:18:41","date_gmt":"2019-07-24T11:18:41","guid":{"rendered":"http:\/\/www.revistazetta.com\/?p=31089"},"modified":"2019-07-24T06:18:41","modified_gmt":"2019-07-24T11:18:41","slug":"orbita-politica-john-zamora-miercoles-24-julio-2019","status":"publish","type":"post","link":"https:\/\/revistazetta.com\/?p=31089","title":{"rendered":"\u00d3rbita Pol\u00edtica de John Zamora &#8211; Mi\u00e9rcoles 24 de julio 2019"},"content":{"rendered":"<p><strong>Posici\u00f3n de Curi<\/strong><\/p>\n<p>Comenzamos a registrar torrenciales lluvias y el c\u00edclico problema de los desbordamientos de los ca\u00f1os. El concejal Javier Curi puso el dedo en la llaga y dijo que el plan de drenajes pluviales, cuya urgencia es inobjetable, debe ser asumido por Acuacar, la directamente responsable del servicio de acueducto y alcantarillado en la ciudad. Curi dice que la Administraci\u00f3n debe hacer valer el contrato y record\u00f3 la pr\u00f3rroga hecha por el entonces alcalde Dionisio V\u00e9lez. Interpret\u00e1ndolo, que no sea la ley del embudo.<\/p>\n<p>&nbsp;<\/p>\n<p><strong>Draga sinf\u00edn<\/strong><\/p>\n<p>De nuevo, por nonag\u00e9sima vez, el puerto de Barranquilla est\u00e1 en apuros, con bajo calado, debido a que se da\u00f1\u00f3 la draga que manten\u00eda el canal de acceso, y tienen que traer otra. Veremos a la dirigencia barranquillera \u2013pol\u00edtica y gremial- unida de nuevo para obligar al gobierno nacional a sacar del sombrero otros miles y miles de millones de pesos para mantener el puerto en funcionamiento. \u00a1Ese es mucho puerto caro en la vida\u2026 y lo pagamos todos!<\/p>\n<p>&nbsp;<\/p>\n<p><strong>Minifaldas y tanguitas<\/strong><\/p>\n<p>En el \u00e1mbito pol\u00edtico se conoce como \u201cminifaldas\u201d a aquellas candidaturas que representan escasos votos\u2026 pues en materia de aspiraciones a la Alcald\u00eda, se aproximan las inscripciones de dos o tres \u201ctanguitas\u201d\u2026 son candidaturas acu\u00f1adas en cafeter\u00edas de centros comerciales, donde no ven la hora que acaben las elecciones para que estos dirigentes dejen de pedir un tinto y ocho vasos de agua\u2026<\/p>\n","protected":false},"excerpt":{"rendered":"<p>Posici\u00f3n de Curi Comenzamos a registrar torrenciales lluvias y el c\u00edclico problema de los desbordamientos de los ca\u00f1os. El concejal Javier Curi puso el dedo en la llaga y dijo que el plan de drenajes pluviales, cuya urgencia es inobjetable, debe ser asumido por Acuacar, la directamente responsable del servicio de acueducto y alcantarillado en la ciudad. Curi dice que la Administraci\u00f3n debe hacer valer el contrato y record\u00f3 la pr\u00f3rroga hecha por el entonces alcalde Dionisio V\u00e9lez. Interpret\u00e1ndolo, que no sea la ley del embudo. &nbsp; Draga sinf\u00edn De&#8230; <\/p>\n","protected":false},"author":3,"featured_media":31090,"comment_status":"open","ping_status":"closed","sticky":false,"template":"","format":"standard","meta":{"footnotes":"","_links_to":"","_links_to_target":""},"categories":[75,44,45],"tags":[],"class_list":["post-31089","post","type-post","status-publish","format-standard","has-post-thumbnail","hentry","category-destacada","category-materiagris","category-orbita"],"_links":{"self":[{"href":"https:\/\/revistazetta.com\/index.php?rest_route=\/wp\/v2\/posts\/31089","targetHints":{"allow":["GET"]}}],"collection":[{"href":"https:\/\/revistazetta.com\/index.php?rest_route=\/wp\/v2\/posts"}],"about":[{"href":"https:\/\/revistazetta.com\/index.php?rest_route=\/wp\/v2\/types\/post"}],"author":[{"embeddable":true,"href":"https:\/\/revistazetta.com\/index.php?rest_route=\/wp\/v2\/users\/3"}],"replies":[{"embeddable":true,"href":"https:\/\/revistazetta.com\/index.php?rest_route=%2Fwp%2Fv2%2Fcomments&post=31089"}],"version-history":[{"count":0,"href":"https:\/\/revistazetta.com\/index.php?rest_route=\/wp\/v2\/posts\/31089\/revisions"}],"wp:featuredmedia":[{"embeddable":true,"href":"https:\/\/revistazetta.com\/index.php?rest_route=\/wp\/v2\/media\/31090"}],"wp:attachment":[{"href":"https:\/\/revistazetta.com\/index.php?rest_route=%2Fwp%2Fv2%2Fmedia&parent=31089"}],"wp:term":[{"taxonomy":"category","embeddable":true,"href":"https:\/\/revistazetta.com\/index.php?rest_route=%2Fwp%2Fv2%2Fcategories&post=31089"},{"taxonomy":"post_tag","embeddable":true,"href":"https:\/\/revistazetta.com\/index.php?rest_route=%2Fwp%2Fv2%2Ftags&post=31089"}],"curies":[{"name":"wp","href":"https:\/\/api.w.org\/{rel}","templated":true}]}}