{"id":31091,"date":"2019-07-24T06:37:32","date_gmt":"2019-07-24T11:37:32","guid":{"rendered":"http:\/\/www.revistazetta.com\/?p=31091"},"modified":"2019-07-24T06:37:32","modified_gmt":"2019-07-24T11:37:32","slug":"presidente-condecoro-al-alcalde-pereira-al-gobernador-turbay","status":"publish","type":"post","link":"https:\/\/revistazetta.com\/?p=31091","title":{"rendered":"Presidente condecor\u00f3 al alcalde Pereira y al gobernador Turbay"},"content":{"rendered":"<p>En los actos de celebraci\u00f3n de los 196 a\u00f1os de la Armada Nacional, el presidente de la Rep\u00fablica, Iv\u00e1n Duque, exalt\u00f3 la gesti\u00f3n del alcalde de Cartagena, Pedrito Pereira, y el gobernador de Bol\u00edvar, Dumek Turbay.<\/p>\n<p>En la Escuela Naval de Cadetes se cumpli\u00f3 la ceremonia, en la que tambi\u00e9n fueron condecorados miembros de la c\u00fapula de las Fuerzas Armadas y de Polic\u00eda.<\/p>\n<p>El presidente de la Rep\u00fablica, Iv\u00e1n Duque Marquez, distingui\u00f3 a Pereira y Turbay con la Medalla Militar Servicios Distinguidos de la Armada de Colombia.<\/p>\n<p>Los mandatarios agradecieron la distinci\u00f3n y la compartieron con la ciudadan\u00eda.<\/p>\n","protected":false},"excerpt":{"rendered":"<p>En los actos de celebraci\u00f3n de los 196 a\u00f1os de la Armada Nacional, el presidente de la Rep\u00fablica, Iv\u00e1n Duque, exalt\u00f3 la gesti\u00f3n del alcalde de Cartagena, Pedrito Pereira, y el gobernador de Bol\u00edvar, Dumek Turbay. En la Escuela Naval de Cadetes se cumpli\u00f3 la ceremonia, en la que tambi\u00e9n fueron condecorados miembros de la c\u00fapula de las Fuerzas Armadas y de Polic\u00eda. El presidente de la Rep\u00fablica, Iv\u00e1n Duque Marquez, distingui\u00f3 a Pereira y Turbay con la Medalla Militar Servicios Distinguidos de la Armada de Colombia. Los mandatarios agradecieron&#8230; <\/p>\n","protected":false},"author":3,"featured_media":31092,"comment_status":"open","ping_status":"closed","sticky":false,"template":"","format":"standard","meta":{"footnotes":"","_links_to":"","_links_to_target":""},"categories":[2,75],"tags":[],"class_list":["post-31091","post","type-post","status-publish","format-standard","has-post-thumbnail","hentry","category-actualidad","category-destacada"],"_links":{"self":[{"href":"https:\/\/revistazetta.com\/index.php?rest_route=\/wp\/v2\/posts\/31091","targetHints":{"allow":["GET"]}}],"collection":[{"href":"https:\/\/revistazetta.com\/index.php?rest_route=\/wp\/v2\/posts"}],"about":[{"href":"https:\/\/revistazetta.com\/index.php?rest_route=\/wp\/v2\/types\/post"}],"author":[{"embeddable":true,"href":"https:\/\/revistazetta.com\/index.php?rest_route=\/wp\/v2\/users\/3"}],"replies":[{"embeddable":true,"href":"https:\/\/revistazetta.com\/index.php?rest_route=%2Fwp%2Fv2%2Fcomments&post=31091"}],"version-history":[{"count":0,"href":"https:\/\/revistazetta.com\/index.php?rest_route=\/wp\/v2\/posts\/31091\/revisions"}],"wp:featuredmedia":[{"embeddable":true,"href":"https:\/\/revistazetta.com\/index.php?rest_route=\/wp\/v2\/media\/31092"}],"wp:attachment":[{"href":"https:\/\/revistazetta.com\/index.php?rest_route=%2Fwp%2Fv2%2Fmedia&parent=31091"}],"wp:term":[{"taxonomy":"category","embeddable":true,"href":"https:\/\/revistazetta.com\/index.php?rest_route=%2Fwp%2Fv2%2Fcategories&post=31091"},{"taxonomy":"post_tag","embeddable":true,"href":"https:\/\/revistazetta.com\/index.php?rest_route=%2Fwp%2Fv2%2Ftags&post=31091"}],"curies":[{"name":"wp","href":"https:\/\/api.w.org\/{rel}","templated":true}]}}