{"id":31093,"date":"2019-07-24T07:26:25","date_gmt":"2019-07-24T12:26:25","guid":{"rendered":"http:\/\/www.revistazetta.com\/?p=31093"},"modified":"2019-07-24T07:26:25","modified_gmt":"2019-07-24T12:26:25","slug":"se-precipita-maraton-inscripciones","status":"publish","type":"post","link":"https:\/\/revistazetta.com\/?p=31093","title":{"rendered":"Se precipita marat\u00f3n de inscripciones"},"content":{"rendered":"<p>Este s\u00e1bado 27 de julio se cierra el periodo de inscripciones para todos aquellos que quieran ser gobernador, alcalde, concejal o diputado, por lo que en los \u00faltimos tres d\u00edas se prev\u00e9 una marat\u00f3n de inscripciones.<\/p>\n<p>Para la Alcald\u00eda de Cartagena ya est\u00e1n inscritos\u00a0Sergio Londo\u00f1o, William Garc\u00eda Tirado y Nabil Baladi Gede\u00f3n.<\/p>\n<p>La agenda de inscripciones est\u00e1 as\u00ed:<\/p>\n<p>William Dau Chamat candidato a Alcald\u00eda de Cartagena por el movimiento Salvemos a Cartagena a las 10:30 am<\/p>\n<div dir=\"auto\">Fernando Ara\u00fajo Perdomo a la Alcald\u00eda de Cartagena por el movimiento\u00a0 Juntos Haremos el Cambio y Centro Democr\u00e1tico mi\u00e9rcoles 4:pm<\/div>\n<div dir=\"auto\"><\/div>\n<div dir=\"auto\">Hernando Padau\u00ed, aspirante a la gobernaci\u00f3n de Bol\u00edvar por el partido Cambio Radical, adem\u00e1s de las listas a Concejo y JAL jueves 8 am<\/div>\n<div dir=\"auto\"><\/div>\n<div dir=\"auto\">Claudia Fadul candidata a la Alcald\u00eda de Cartagena por el movimiento Compromiso Ciudadano\u00a0 jueves 25 a las 11:am<\/div>\n<div dir=\"auto\"><\/div>\n<div dir=\"auto\">Vicente Blel, aspirante a la Gobernaci\u00f3n de Bol\u00edvar por el Partido Conservador, adem\u00e1s ser\u00e1n inscritas las listas a Concejo y JAL jueves 25 a las 2 pm<\/div>\n<div dir=\"auto\"><\/div>\n<div dir=\"auto\">Yolanda Wong candidata a la Alcald\u00eda de Cartagena por el Partido de la U jueves 25 a las 4 pm<\/div>\n<div dir=\"auto\"><\/div>\n<div dir=\"auto\">Concejo y JAL partido ASI viernes 26\u00a0 8 am<\/div>\n<div dir=\"auto\"><\/div>\n<div dir=\"auto\">Adelina Covo candidata a la Alcald\u00eda de Cartagena por Colombia Humana viernes 26 8 am<\/div>\n<div dir=\"auto\"><\/div>\n<div dir=\"auto\">Concejo y JAL partido Liberal viernes 26 a las 10 am<\/div>\n<div dir=\"auto\"><\/div>\n<div dir=\"auto\">Edinson Lucio Torres candidato a la Alcald\u00eda de Cartagena viernes 26 a las 2 pm<\/div>\n<div dir=\"auto\"><\/div>\n<div dir=\"auto\">Germ\u00e1n Viana Guerrero candidato a la Alcald\u00eda de Cartagena el viernes 26 de julio a las 4 pm<\/div>\n<div dir=\"auto\"><\/div>\n<div dir=\"auto\">Jes\u00fas Payares, candidato a la gobernaci\u00f3n de Bol\u00edvar, por el movimiento MAIS\u00a0 s\u00e1bado 27 a las 9 am<\/div>\n<div dir=\"auto\"><\/div>\n<div dir=\"auto\">Est\u00e1n pendientes por fijar fecha para la inscripci\u00f3n: Luis Daniel Vargas, aspirante a la Gobernaci\u00f3n de Bol\u00edvar, y Jaime Hern\u00e1ndez Am\u00edn, precandidato a la alcald\u00eda de Cartagena quien se inscribir\u00e1 por un movimiento de firmas.<\/div>\n","protected":false},"excerpt":{"rendered":"<p>Este s\u00e1bado 27 de julio se cierra el periodo de inscripciones para todos aquellos que quieran ser gobernador, alcalde, concejal o diputado, por lo que en los \u00faltimos tres d\u00edas se prev\u00e9 una marat\u00f3n de inscripciones. Para la Alcald\u00eda de Cartagena ya est\u00e1n inscritos\u00a0Sergio Londo\u00f1o, William Garc\u00eda Tirado y Nabil Baladi Gede\u00f3n. La agenda de inscripciones est\u00e1 as\u00ed: William Dau Chamat candidato a Alcald\u00eda de Cartagena por el movimiento Salvemos a Cartagena a las 10:30 am Fernando Ara\u00fajo Perdomo a la Alcald\u00eda de Cartagena por el movimiento\u00a0 Juntos Haremos el&#8230; <\/p>\n","protected":false},"author":3,"featured_media":31094,"comment_status":"open","ping_status":"closed","sticky":false,"template":"","format":"standard","meta":{"footnotes":"","_links_to":"","_links_to_target":""},"categories":[75,4],"tags":[],"class_list":["post-31093","post","type-post","status-publish","format-standard","has-post-thumbnail","hentry","category-destacada","category-politica"],"_links":{"self":[{"href":"https:\/\/revistazetta.com\/index.php?rest_route=\/wp\/v2\/posts\/31093","targetHints":{"allow":["GET"]}}],"collection":[{"href":"https:\/\/revistazetta.com\/index.php?rest_route=\/wp\/v2\/posts"}],"about":[{"href":"https:\/\/revistazetta.com\/index.php?rest_route=\/wp\/v2\/types\/post"}],"author":[{"embeddable":true,"href":"https:\/\/revistazetta.com\/index.php?rest_route=\/wp\/v2\/users\/3"}],"replies":[{"embeddable":true,"href":"https:\/\/revistazetta.com\/index.php?rest_route=%2Fwp%2Fv2%2Fcomments&post=31093"}],"version-history":[{"count":0,"href":"https:\/\/revistazetta.com\/index.php?rest_route=\/wp\/v2\/posts\/31093\/revisions"}],"wp:featuredmedia":[{"embeddable":true,"href":"https:\/\/revistazetta.com\/index.php?rest_route=\/wp\/v2\/media\/31094"}],"wp:attachment":[{"href":"https:\/\/revistazetta.com\/index.php?rest_route=%2Fwp%2Fv2%2Fmedia&parent=31093"}],"wp:term":[{"taxonomy":"category","embeddable":true,"href":"https:\/\/revistazetta.com\/index.php?rest_route=%2Fwp%2Fv2%2Fcategories&post=31093"},{"taxonomy":"post_tag","embeddable":true,"href":"https:\/\/revistazetta.com\/index.php?rest_route=%2Fwp%2Fv2%2Ftags&post=31093"}],"curies":[{"name":"wp","href":"https:\/\/api.w.org\/{rel}","templated":true}]}}