{"id":31095,"date":"2019-07-24T17:35:57","date_gmt":"2019-07-24T22:35:57","guid":{"rendered":"http:\/\/www.revistazetta.com\/?p=31095"},"modified":"2019-07-24T17:35:57","modified_gmt":"2019-07-24T22:35:57","slug":"mision-cumplida-la-senadora-blel-presidente-sanciono-prohibicion-asbesto","status":"publish","type":"post","link":"https:\/\/revistazetta.com\/?p=31095","title":{"rendered":"Misi\u00f3n cumplida de la senadora Blel: Presidente sancion\u00f3 prohibici\u00f3n de asbesto"},"content":{"rendered":"<p>\u201cHoy Colombia le dice no al asbesto a partir del 2021 y empieza una sustituci\u00f3n responsable y pedag\u00f3gica\u201d de este material, afirm\u00f3 el Presidente Iv\u00e1n Duque durante el acto de socializaci\u00f3n de la Ley 1968, del 11 de julio de 2019, que proh\u00edbe el uso del asbesto en el territorio nacional, a partir del 1\u00b0 de enero de 2021.<\/p>\n<p>El acto cont\u00f3 con la asistencia del Ministro de Salud y Protecci\u00f3n Social, Juan Pablo Uribe; la senadora Nadia Blel, del Partido Conservador, autora de la norma, y personas afectadas en su salud por su exposici\u00f3n al asbesto en el pa\u00eds.<\/p>\n<p>Con esta Ley, aprobada por el Congreso de la Rep\u00fablica y socializada hoy por el Jefe de Estado, se busca otorgar garant\u00edas de protecci\u00f3n a la salud de los colombianos.<\/p>\n<p>\u201cColombia hoy se llena de orgullo de acompa\u00f1ar lo que ya ha sido una decisi\u00f3n de m\u00e1s de 60 pa\u00edses en el mundo de decir no m\u00e1s al uso del asbesto\u201d, agreg\u00f3.<\/p>\n<p>El Mandatario inform\u00f3 que se crear\u00e1 una comisi\u00f3n interinstitucional para la sustituci\u00f3n del asbesto y buscar que \u201chaya una conciencia, una capacitaci\u00f3n, una reflexi\u00f3n que permita nuevas fuentes de empleo, nuevas fuentes productivas que sustituyan el producto\u201d.<\/p>\n<p>Anunci\u00f3 que, \u201ca partir de este momento\u201d, se debe iniciar una \u201cpedagog\u00eda en los territorios, con las autoridades, con los ciudadanos, porque esta tarea es una tarea de todos\u201d.<\/p>\n<p>El Jefe de Estado recalc\u00f3 que esta iniciativa recibi\u00f3 un concepto favorable del Ministro de Salud y Protecci\u00f3n Social, Juan Pablo Uribe, ya que \u201centendimos que hab\u00eda que dar este paso, y lo damos sin populismo\u201d.<\/p>\n<p>Durante el evento, el Presidente Duque rindi\u00f3 un homenaje a las v\u00edctimas del asbesto, entre ellas a Ana Cecilia Ni\u00f1o.<\/p>\n<p>\u201cHoy rendimos un gran homenaje Ana Cecilia Ni\u00f1o, que en este d\u00eda nos est\u00e1 acompa\u00f1ando desde el cielo y nos est\u00e1 acompa\u00f1ando con su mensaje a todo un pa\u00eds\u201d, dijo.<\/p>\n<p>\u201cNunca tuve el placer de conocer a Ana Cecilia Ni\u00f1o, pero conozco hoy a su familia, y debo agradecerles esa perseverancia y ese esp\u00edritu por superar las dificultades y ser capaces de invitar a los colombianos a hacer cambios\u201d, expres\u00f3.<\/p>\n<p><strong>Sobre el asbesto<\/strong><\/p>\n<p>Se denomina asbesto (o amianto) a un grupo de minerales naturales fibrosos, utilizados para fines comerciales, debido a su extraordinaria resistencia a la tensi\u00f3n, su escaso termo-conductividad y su resistencia a los qu\u00edmicos.<\/p>\n<p>El asbesto se utiliza en el aislamiento de los edificios, como componente en productos como tejas, tuber\u00edas de agua y envases, y en la elaboraci\u00f3n de pl\u00e1sticos y piezas mec\u00e1nicas como frenos, embragues y amortiguadores.<\/p>\n<p><strong>Disposiciones principales de la Ley<\/strong><\/p>\n<p>La norma establece que a partir del primero 1\u00b0 de enero de 2021 se proh\u00edbe explotar, producir, comercializar, importar, distribuir o exportar cualquier variedad de asbesto y de los productos elaborados con este material en el territorio nacional.<\/p>\n<p>Tambi\u00e9n otorga al Gobierno Nacional un per\u00edodo de cinco a\u00f1os, contados a partir de la promulgaci\u00f3n de la medida, para formular una pol\u00edtica para la sustituci\u00f3n de asbesto instalado.<\/p>\n<p>As\u00ed mismo, estipula que a partir de la expedici\u00f3n de esta Ley no podr\u00e1n otorgarse concesiones, licencias, permisos o pr\u00f3rrogas para la explotaci\u00f3n y exploraci\u00f3n de asbesto en el territorio colombiano.<\/p>\n<p>Igualmente, establece sanciones para las personas naturales o jur\u00eddicas que contin\u00faen con la explotaci\u00f3n, producci\u00f3n, comercializaci\u00f3n, importaci\u00f3n, distribuci\u00f3n y\/o exportaci\u00f3n de cualquier variedad de asbesto y sus derivados.<\/p>\n<p>La Ley crea la Comisi\u00f3n Nacional para la Sustituci\u00f3n del Asbesto, conformada por delegados de los ministerios de Ambiente y Desarrollo Sostenible; Salud y Protecci\u00f3n Social; Comercio, Industria y Turismo; Minas y Energ\u00eda, y Trabajo, as\u00ed como de Colciencias, un veedor ciudadano y un representante de las universidades, para supervisar el efectivo cumplimiento de la sustituci\u00f3n de ese material.<\/p>\n<p>Adem\u00e1s, establece la Ruta de Atenci\u00f3n Integral para Personas Expuestas al Asbesto, que ofrecer\u00e1 informaci\u00f3n y orientaci\u00f3n acerca de los derechos, medidas y recursos con los que cuentan los afectados, as\u00ed como los ex\u00e1menes m\u00e9dicos y legales para su diagn\u00f3stico y tratamiento.<\/p>\n<p>Seg\u00fan ordena la norma, la Autoridad Ambiental competente deber\u00e1 realizar un estudio y seguimiento de la calidad del aire, el cual deber\u00e1 medir y monitorear la concentraci\u00f3n de fibras de asbesto en las plantas y \u00e1reas de explotaci\u00f3n, as\u00ed como en los territorios donde exista mayor infraestructura con este material y dar cuenta de los procesos sancionatorios por incumplimiento al que haya lugar.<\/p>\n<p><strong>Efectos nocivos del asbesto en la salud<\/strong><\/p>\n<p>El objetivo de la Ley es la prohibici\u00f3n del asbesto, toda vez que se reconocen los efectos nocivos para la salud derivados de la manipulaci\u00f3n de este mineral.<\/p>\n<p>Seg\u00fan estudios m\u00e9dicos, la utilizaci\u00f3n de este material en la industria ocasion\u00f3 da\u00f1os en la salud de la poblaci\u00f3n laboral expuesta.<\/p>\n<p>La Organizaci\u00f3n Mundial de la Salud (OMS) considera que \u201ctodas las formas de asbesto son cancer\u00edgenas para el ser humano. Se calcula que 107.000 personas mueren cada a\u00f1o por c\u00e1ncer de pulm\u00f3n relacionado con el asbesto\u201d.<\/p>\n<p>En los \u00faltimos a\u00f1os se han hecho llamados internacionales para la sustituci\u00f3n de este material y la prohibici\u00f3n de su manipulaci\u00f3n.<\/p>\n","protected":false},"excerpt":{"rendered":"<p>\u201cHoy Colombia le dice no al asbesto a partir del 2021 y empieza una sustituci\u00f3n responsable y pedag\u00f3gica\u201d de este material, afirm\u00f3 el Presidente Iv\u00e1n Duque durante el acto de socializaci\u00f3n de la Ley 1968, del 11 de julio de 2019, que proh\u00edbe el uso del asbesto en el territorio nacional, a partir del 1\u00b0 de enero de 2021. El acto cont\u00f3 con la asistencia del Ministro de Salud y Protecci\u00f3n Social, Juan Pablo Uribe; la senadora Nadia Blel, del Partido Conservador, autora de la norma, y personas afectadas en&#8230; <\/p>\n","protected":false},"author":3,"featured_media":31096,"comment_status":"open","ping_status":"closed","sticky":false,"template":"","format":"standard","meta":{"footnotes":"","_links_to":"","_links_to_target":""},"categories":[2,75,35],"tags":[],"class_list":["post-31095","post","type-post","status-publish","format-standard","has-post-thumbnail","hentry","category-actualidad","category-destacada","category-actualidad-nacion"],"_links":{"self":[{"href":"https:\/\/revistazetta.com\/index.php?rest_route=\/wp\/v2\/posts\/31095","targetHints":{"allow":["GET"]}}],"collection":[{"href":"https:\/\/revistazetta.com\/index.php?rest_route=\/wp\/v2\/posts"}],"about":[{"href":"https:\/\/revistazetta.com\/index.php?rest_route=\/wp\/v2\/types\/post"}],"author":[{"embeddable":true,"href":"https:\/\/revistazetta.com\/index.php?rest_route=\/wp\/v2\/users\/3"}],"replies":[{"embeddable":true,"href":"https:\/\/revistazetta.com\/index.php?rest_route=%2Fwp%2Fv2%2Fcomments&post=31095"}],"version-history":[{"count":0,"href":"https:\/\/revistazetta.com\/index.php?rest_route=\/wp\/v2\/posts\/31095\/revisions"}],"wp:featuredmedia":[{"embeddable":true,"href":"https:\/\/revistazetta.com\/index.php?rest_route=\/wp\/v2\/media\/31096"}],"wp:attachment":[{"href":"https:\/\/revistazetta.com\/index.php?rest_route=%2Fwp%2Fv2%2Fmedia&parent=31095"}],"wp:term":[{"taxonomy":"category","embeddable":true,"href":"https:\/\/revistazetta.com\/index.php?rest_route=%2Fwp%2Fv2%2Fcategories&post=31095"},{"taxonomy":"post_tag","embeddable":true,"href":"https:\/\/revistazetta.com\/index.php?rest_route=%2Fwp%2Fv2%2Ftags&post=31095"}],"curies":[{"name":"wp","href":"https:\/\/api.w.org\/{rel}","templated":true}]}}