{"id":31097,"date":"2019-07-24T18:23:55","date_gmt":"2019-07-24T23:23:55","guid":{"rendered":"http:\/\/www.revistazetta.com\/?p=31097"},"modified":"2019-07-24T18:23:55","modified_gmt":"2019-07-24T23:23:55","slug":"aval-conservador-yalo-arana-magangue","status":"publish","type":"post","link":"https:\/\/revistazetta.com\/?p=31097","title":{"rendered":"Aval conservador para Yalo Arana en Magangu\u00e9"},"content":{"rendered":"<p>El abogado Yalil Arana Payares recibi\u00f3 aval del partido Conservador para ser candidato a la Alcald\u00eda de Magangu\u00e9.<\/p>\n<p>La entrega se cumpli\u00f3 en la sede de la campa\u00f1a a la Gobernaci\u00f3n de Bol\u00edvar De Vicente Blel Scaff, acompa\u00f1ado del representante Yamilito Arana Padau\u00ed y el diputado Andr\u00e9s Montes Celed\u00f3n.<\/p>\n<p>\u00abDesde hoy contamos con el aval del partido Conservador que nos despeja el camino para construir una nueva Magangu\u00e9, pero nuestro aval principal es el de todos los maganguele\u00f1os\u00bb, declar\u00f3 el candidato.<\/p>\n<p>Arana Payares plantea la revitalizaci\u00f3n de la econom\u00eda municipal, la generaci\u00f3n de empleo y mayores oportunidades de ingresos para los maganguele\u00f1os. Estas son las bases del \u00abPacto por Magangu\u00e9 con empleo y sin Pobreza Monetaria\u00bb.<\/p>\n","protected":false},"excerpt":{"rendered":"<p>El abogado Yalil Arana Payares recibi\u00f3 aval del partido Conservador para ser candidato a la Alcald\u00eda de Magangu\u00e9. La entrega se cumpli\u00f3 en la sede de la campa\u00f1a a la Gobernaci\u00f3n de Bol\u00edvar De Vicente Blel Scaff, acompa\u00f1ado del representante Yamilito Arana Padau\u00ed y el diputado Andr\u00e9s Montes Celed\u00f3n. \u00abDesde hoy contamos con el aval del partido Conservador que nos despeja el camino para construir una nueva Magangu\u00e9, pero nuestro aval principal es el de todos los maganguele\u00f1os\u00bb, declar\u00f3 el candidato. Arana Payares plantea la revitalizaci\u00f3n de la econom\u00eda municipal,&#8230; <\/p>\n","protected":false},"author":3,"featured_media":31098,"comment_status":"open","ping_status":"closed","sticky":false,"template":"","format":"standard","meta":{"footnotes":"","_links_to":"","_links_to_target":""},"categories":[75,83,80],"tags":[],"class_list":["post-31097","post","type-post","status-publish","format-standard","has-post-thumbnail","hentry","category-destacada","category-municipios","category-region"],"_links":{"self":[{"href":"https:\/\/revistazetta.com\/index.php?rest_route=\/wp\/v2\/posts\/31097","targetHints":{"allow":["GET"]}}],"collection":[{"href":"https:\/\/revistazetta.com\/index.php?rest_route=\/wp\/v2\/posts"}],"about":[{"href":"https:\/\/revistazetta.com\/index.php?rest_route=\/wp\/v2\/types\/post"}],"author":[{"embeddable":true,"href":"https:\/\/revistazetta.com\/index.php?rest_route=\/wp\/v2\/users\/3"}],"replies":[{"embeddable":true,"href":"https:\/\/revistazetta.com\/index.php?rest_route=%2Fwp%2Fv2%2Fcomments&post=31097"}],"version-history":[{"count":0,"href":"https:\/\/revistazetta.com\/index.php?rest_route=\/wp\/v2\/posts\/31097\/revisions"}],"wp:featuredmedia":[{"embeddable":true,"href":"https:\/\/revistazetta.com\/index.php?rest_route=\/wp\/v2\/media\/31098"}],"wp:attachment":[{"href":"https:\/\/revistazetta.com\/index.php?rest_route=%2Fwp%2Fv2%2Fmedia&parent=31097"}],"wp:term":[{"taxonomy":"category","embeddable":true,"href":"https:\/\/revistazetta.com\/index.php?rest_route=%2Fwp%2Fv2%2Fcategories&post=31097"},{"taxonomy":"post_tag","embeddable":true,"href":"https:\/\/revistazetta.com\/index.php?rest_route=%2Fwp%2Fv2%2Ftags&post=31097"}],"curies":[{"name":"wp","href":"https:\/\/api.w.org\/{rel}","templated":true}]}}