{"id":31099,"date":"2019-07-24T19:40:04","date_gmt":"2019-07-25T00:40:04","guid":{"rendered":"http:\/\/www.revistazetta.com\/?p=31099"},"modified":"2019-07-24T19:40:04","modified_gmt":"2019-07-25T00:40:04","slug":"funcionarios-del-distrito-firman-pacto-la-transparencia-electoral","status":"publish","type":"post","link":"https:\/\/revistazetta.com\/?p=31099","title":{"rendered":"Funcionarios del Distrito firman pacto por la transparencia electoral"},"content":{"rendered":"<p>Los Secretarios del Distrito, directores administrativos y asesores firmaron de manera libre y voluntaria un acta de compromiso por la transparencia electoral, es decir, que se comprometieron acatar con responsabilidad la Ley 996 de 2005 y la circular 007 de este a\u00f1o expedida por la Procuradur\u00eda General de la Naci\u00f3n.<\/p>\n<p>\u201cTodos los firmantes se comprometieron a acatar todas las normas en materia electoral. Aceptamos el conocimiento de las mismas y tenemos claro que la transgresi\u00f3n a estas nos puede acarrear faltas de tipo disciplinario\u201d, dijo Martha Seidel, secretaria General del Distrito.<\/p>\n<p>La funcionaria se\u00f1al\u00f3 que este acto es producto del trabajo que se viene adelantando en el gobierno del alcalde, Pedrito Pereira Caballero, que busca hacer m\u00e1s transparente a la administraci\u00f3n, con el fin de lograr que la ciudadan\u00eda vuelva a creer en ella.<\/p>\n<p>Este documento lo firmaron los secretarios de despacho, directores de departamentos administrativos, alcaldes locales, los jefes de oficinas y asesores del Distrito de Cartagena.<\/p>\n<p>\u201cEsto no es un saludo a la bandera, no es algo simb\u00f3lico, es de mucho peso y compromete a voluntad sabiendas que incumplir las normas puede acarrear faltas disciplinarias\u201d, se\u00f1al\u00f3 el jefe de Control Disciplinario, Arturo Faciolince Escobar.<\/p>\n","protected":false},"excerpt":{"rendered":"<p>Los Secretarios del Distrito, directores administrativos y asesores firmaron de manera libre y voluntaria un acta de compromiso por la transparencia electoral, es decir, que se comprometieron acatar con responsabilidad la Ley 996 de 2005 y la circular 007 de este a\u00f1o expedida por la Procuradur\u00eda General de la Naci\u00f3n. \u201cTodos los firmantes se comprometieron a acatar todas las normas en materia electoral. Aceptamos el conocimiento de las mismas y tenemos claro que la transgresi\u00f3n a estas nos puede acarrear faltas de tipo disciplinario\u201d, dijo Martha Seidel, secretaria General del&#8230; <\/p>\n","protected":false},"author":3,"featured_media":31100,"comment_status":"open","ping_status":"closed","sticky":false,"template":"","format":"standard","meta":{"footnotes":"","_links_to":"","_links_to_target":""},"categories":[75,32],"tags":[],"class_list":["post-31099","post","type-post","status-publish","format-standard","has-post-thumbnail","hentry","category-destacada","category-actualidad-distrito"],"_links":{"self":[{"href":"https:\/\/revistazetta.com\/index.php?rest_route=\/wp\/v2\/posts\/31099","targetHints":{"allow":["GET"]}}],"collection":[{"href":"https:\/\/revistazetta.com\/index.php?rest_route=\/wp\/v2\/posts"}],"about":[{"href":"https:\/\/revistazetta.com\/index.php?rest_route=\/wp\/v2\/types\/post"}],"author":[{"embeddable":true,"href":"https:\/\/revistazetta.com\/index.php?rest_route=\/wp\/v2\/users\/3"}],"replies":[{"embeddable":true,"href":"https:\/\/revistazetta.com\/index.php?rest_route=%2Fwp%2Fv2%2Fcomments&post=31099"}],"version-history":[{"count":0,"href":"https:\/\/revistazetta.com\/index.php?rest_route=\/wp\/v2\/posts\/31099\/revisions"}],"wp:featuredmedia":[{"embeddable":true,"href":"https:\/\/revistazetta.com\/index.php?rest_route=\/wp\/v2\/media\/31100"}],"wp:attachment":[{"href":"https:\/\/revistazetta.com\/index.php?rest_route=%2Fwp%2Fv2%2Fmedia&parent=31099"}],"wp:term":[{"taxonomy":"category","embeddable":true,"href":"https:\/\/revistazetta.com\/index.php?rest_route=%2Fwp%2Fv2%2Fcategories&post=31099"},{"taxonomy":"post_tag","embeddable":true,"href":"https:\/\/revistazetta.com\/index.php?rest_route=%2Fwp%2Fv2%2Ftags&post=31099"}],"curies":[{"name":"wp","href":"https:\/\/api.w.org\/{rel}","templated":true}]}}