{"id":31101,"date":"2019-07-25T10:31:42","date_gmt":"2019-07-25T15:31:42","guid":{"rendered":"http:\/\/www.revistazetta.com\/?p=31101"},"modified":"2019-07-25T10:31:42","modified_gmt":"2019-07-25T15:31:42","slug":"asi-se-decidio-garcia-tirado-alcaldia-vicente-blel-gobernacion","status":"publish","type":"post","link":"https:\/\/revistazetta.com\/?p=31101","title":{"rendered":"ASI se decidi\u00f3 por Garc\u00eda Tirado a Alcald\u00eda y Vicente Blel a Gobernaci\u00f3n"},"content":{"rendered":"<p>Una alianza program\u00e1tica qued\u00f3 sellada este jueves entre el partido Alianza Social Independiente ASI y los candidatos a la Alcald\u00eda de Cartagena, William Garc\u00eda Tirado, y a la Gobernaci\u00f3n, Vicente Blel Scaff.<\/p>\n<p>La ceremonia se realiz\u00f3 la ma\u00f1ana de este jueves ante m\u00e1s de mil asistentes que colmaron el recinto de eventos dl hotel Cartagena Confort al sur la ciudad.<\/p>\n<p>La presidenta de ASI, Berecine Bedoya, explic\u00f3 que, \u00abluego de analizar minuciosamente las hojas de vida de los aspirantes a la Gobernaci\u00f3n, concluimos que el perfil y proyecto que m\u00e1s se alinea al ideario y misi\u00f3n de nuestra colectividad es el Vicente Blel, por eso decidimos firmemente respaldarlo\u00bb.<\/p>\n<p>\u00abHemos crecido bastante como equipo, como familia. Hoy tenemos el reto de llevar personas empoderadas, s\u00e9 que en estas elecciones 2019 vamos a elegir las mejores propuestas, y ustedes van hacer los nuevos protagonistas. Somos ese David que puede luchar contra cuaquier Goliat, vamos a hacer de Cartagena y Bol\u00edvar esa ciudad y ese departamento grande. Tenemos que ser motivo de inspiraci\u00f3n, y la familia es primordial en estas contiendas, por eso luego de hacer analisis al programa de William Garc\u00eda Tirado decidimos respaldarlo de manera irrestricta para que ocupe el solio de la Aduana\u00bb, agreg\u00f3.<\/p>\n<p>Blel Scaff se mostr\u00f3 \u00abagradecido con las directivas de ASI por este important\u00edsimo respaldo que hoy nos brindan, as\u00ed como ellos todos los bolivarenses ven en nuestro proyecto la mejor opci\u00f3n para que Bol\u00edvar contin\u00fae en esa senda de desarrollo, progreso y liderazgo en la que viene\u00bb.<\/p>\n<p>Agreg\u00f3 que \u00aba diario crece este proyecto, hoy llega el Partido ASI, ma\u00f1ana vendr\u00e1n m\u00e1s movimientos, organizaciones y colectivos ciudadanos, que saben que somos la \u00fanica candidatura que se debe a la gente\u00bb.<\/p>\n<p>A su turno, William Garc\u00eda Tirado agradeci\u00f3 el apoyo de este grupo pol\u00edtico.\u00a0\u00abGracias por el voto de confianza para la trasformacion de Cartagena. Tenemos que tener metas, y hoy, a trav\u00e9s del gran partido ASI, podemos hacer equipo. A partir del pr\u00f3ximo s\u00e1bado iniciaremos una correr\u00eda para llevar a lo largo y ancho de la ciudad nuestras propuestas. Estas propuestas coinciden con el partido para que podamos juntos transformar a la Heroica\u00bb, recalc\u00f3.<\/p>\n<p>Luego de la intervenci\u00f3n de cada una de las partes, se dio paso a la firma de la alianza de apoyo program\u00e1tico entre ASI y William Garc\u00eda Tirado, candidato oficial a la Alcald\u00eda de Cartagena.<\/p>\n<p>&nbsp;<\/p>\n","protected":false},"excerpt":{"rendered":"<p>Una alianza program\u00e1tica qued\u00f3 sellada este jueves entre el partido Alianza Social Independiente ASI y los candidatos a la Alcald\u00eda de Cartagena, William Garc\u00eda Tirado, y a la Gobernaci\u00f3n, Vicente Blel Scaff. La ceremonia se realiz\u00f3 la ma\u00f1ana de este jueves ante m\u00e1s de mil asistentes que colmaron el recinto de eventos dl hotel Cartagena Confort al sur la ciudad. La presidenta de ASI, Berecine Bedoya, explic\u00f3 que, \u00abluego de analizar minuciosamente las hojas de vida de los aspirantes a la Gobernaci\u00f3n, concluimos que el perfil y proyecto que m\u00e1s&#8230; <\/p>\n","protected":false},"author":3,"featured_media":31102,"comment_status":"open","ping_status":"closed","sticky":false,"template":"","format":"standard","meta":{"footnotes":"","_links_to":"","_links_to_target":""},"categories":[75,4],"tags":[],"class_list":["post-31101","post","type-post","status-publish","format-standard","has-post-thumbnail","hentry","category-destacada","category-politica"],"_links":{"self":[{"href":"https:\/\/revistazetta.com\/index.php?rest_route=\/wp\/v2\/posts\/31101","targetHints":{"allow":["GET"]}}],"collection":[{"href":"https:\/\/revistazetta.com\/index.php?rest_route=\/wp\/v2\/posts"}],"about":[{"href":"https:\/\/revistazetta.com\/index.php?rest_route=\/wp\/v2\/types\/post"}],"author":[{"embeddable":true,"href":"https:\/\/revistazetta.com\/index.php?rest_route=\/wp\/v2\/users\/3"}],"replies":[{"embeddable":true,"href":"https:\/\/revistazetta.com\/index.php?rest_route=%2Fwp%2Fv2%2Fcomments&post=31101"}],"version-history":[{"count":0,"href":"https:\/\/revistazetta.com\/index.php?rest_route=\/wp\/v2\/posts\/31101\/revisions"}],"wp:featuredmedia":[{"embeddable":true,"href":"https:\/\/revistazetta.com\/index.php?rest_route=\/wp\/v2\/media\/31102"}],"wp:attachment":[{"href":"https:\/\/revistazetta.com\/index.php?rest_route=%2Fwp%2Fv2%2Fmedia&parent=31101"}],"wp:term":[{"taxonomy":"category","embeddable":true,"href":"https:\/\/revistazetta.com\/index.php?rest_route=%2Fwp%2Fv2%2Fcategories&post=31101"},{"taxonomy":"post_tag","embeddable":true,"href":"https:\/\/revistazetta.com\/index.php?rest_route=%2Fwp%2Fv2%2Ftags&post=31101"}],"curies":[{"name":"wp","href":"https:\/\/api.w.org\/{rel}","templated":true}]}}