{"id":31103,"date":"2019-07-25T11:36:17","date_gmt":"2019-07-25T16:36:17","guid":{"rendered":"http:\/\/www.revistazetta.com\/?p=31103"},"modified":"2019-07-25T17:45:12","modified_gmt":"2019-07-25T22:45:12","slug":"padaui-ya-candidato-oficial-gobernacion","status":"publish","type":"post","link":"https:\/\/revistazetta.com\/?p=31103","title":{"rendered":"Padau\u00ed ya es candidato oficial a Gobernaci\u00f3n"},"content":{"rendered":"<p><img loading=\"lazy\" decoding=\"async\" class=\"aligncenter wp-image-31142 size-large\" src=\"https:\/\/www.revistazetta.com\/wp-content\/uploads\/2019\/07\/PHOTO-2019-07-25-17-23-56-1024x682.jpg\" alt=\"\" width=\"1024\" height=\"682\" srcset=\"https:\/\/revistazetta.com\/wp-content\/uploads\/2019\/07\/PHOTO-2019-07-25-17-23-56-1024x682.jpg 1024w, https:\/\/revistazetta.com\/wp-content\/uploads\/2019\/07\/PHOTO-2019-07-25-17-23-56-300x200.jpg 300w, https:\/\/revistazetta.com\/wp-content\/uploads\/2019\/07\/PHOTO-2019-07-25-17-23-56-219x146.jpg 219w, https:\/\/revistazetta.com\/wp-content\/uploads\/2019\/07\/PHOTO-2019-07-25-17-23-56-50x33.jpg 50w, https:\/\/revistazetta.com\/wp-content\/uploads\/2019\/07\/PHOTO-2019-07-25-17-23-56-113x75.jpg 113w, https:\/\/revistazetta.com\/wp-content\/uploads\/2019\/07\/PHOTO-2019-07-25-17-23-56.jpg 1280w\" sizes=\"auto, (max-width: 1024px) 100vw, 1024px\" \/><\/p>\n<p>El exrepresentante Hernando Padau\u00ed \u00c1lvarez inscribi\u00f3 este jueves su candidatura a la Gobernaci\u00f3n de Bol\u00edvar, con el aval del partido Cambio Radical.<\/p>\n<p>En su inscripci\u00f3n ante la Registradur\u00eda le acompa\u00f1\u00f3 la senadora Daira Galvis y la representante Karen Cure, as\u00ed como decenas de seguidores que lo aclamaron a su llegada a la diligencia.<\/p>\n<p>Padau\u00f1i agradeci\u00f3 tambi\u00e9n al exgobernador Juan Carlos Gossa\u00edn por su apoyo, y tuvo tambi\u00e9n la compa\u00f1\u00eda de su familia. \u00ab<span class=\"css-901oao css-16my406 r-1qd0xha r-ad9z0x r-bcqeeo r-qvutc0\">Mi familia es mi motor, gracias por su apoyo en este camino. Ustedes me impulsan a seguir trabajando con amor para que Bol\u00edvar siga <\/span><span class=\"r-18u37iz\"><a class=\"css-4rbku5 css-18t94o4 css-901oao css-16my406 r-61mi1v r-1loqt21 r-1qd0xha r-ad9z0x r-bcqeeo r-qvutc0\" dir=\"ltr\" role=\"link\" href=\"https:\/\/twitter.com\/hashtag\/GaNando?src=hashtag_click\" data-focusable=\"true\" target=\"_blank\" rel=\"noopener\">#GaNando<\/a><\/span><span class=\"css-901oao css-16my406 r-1qd0xha r-ad9z0x r-bcqeeo r-qvutc0\">.\u00bb, dijo en sus redes sociales.<\/span><\/p>\n<p>tambi\u00e9n agradeci\u00f3 a la gran cantidad de aspirantes a Asamblea, concejales, alcaldes municipales y comunidad bolivarense por acompa\u00f1arle en el inicio formal del camino hacia la Gobernaci\u00f3n de Bol\u00edvar.<\/p>\n<p><img loading=\"lazy\" decoding=\"async\" class=\"size-medium wp-image-31143 aligncenter\" src=\"https:\/\/www.revistazetta.com\/wp-content\/uploads\/2019\/07\/PHOTO-2019-07-25-17-23-57-2-300x168.jpg\" alt=\"\" width=\"300\" height=\"168\" srcset=\"https:\/\/revistazetta.com\/wp-content\/uploads\/2019\/07\/PHOTO-2019-07-25-17-23-57-2-300x168.jpg 300w, https:\/\/revistazetta.com\/wp-content\/uploads\/2019\/07\/PHOTO-2019-07-25-17-23-57-2-1024x574.jpg 1024w, https:\/\/revistazetta.com\/wp-content\/uploads\/2019\/07\/PHOTO-2019-07-25-17-23-57-2-260x146.jpg 260w, https:\/\/revistazetta.com\/wp-content\/uploads\/2019\/07\/PHOTO-2019-07-25-17-23-57-2-50x28.jpg 50w, https:\/\/revistazetta.com\/wp-content\/uploads\/2019\/07\/PHOTO-2019-07-25-17-23-57-2-134x75.jpg 134w, https:\/\/revistazetta.com\/wp-content\/uploads\/2019\/07\/PHOTO-2019-07-25-17-23-57-2.jpg 1280w\" sizes=\"auto, (max-width: 300px) 100vw, 300px\" \/><\/p>\n<p><img loading=\"lazy\" decoding=\"async\" class=\"size-medium wp-image-31144 aligncenter\" src=\"https:\/\/www.revistazetta.com\/wp-content\/uploads\/2019\/07\/PHOTO-2019-07-25-17-23-57-3-300x200.jpg\" alt=\"\" width=\"300\" height=\"200\" srcset=\"https:\/\/revistazetta.com\/wp-content\/uploads\/2019\/07\/PHOTO-2019-07-25-17-23-57-3-300x200.jpg 300w, https:\/\/revistazetta.com\/wp-content\/uploads\/2019\/07\/PHOTO-2019-07-25-17-23-57-3-1024x682.jpg 1024w, https:\/\/revistazetta.com\/wp-content\/uploads\/2019\/07\/PHOTO-2019-07-25-17-23-57-3-219x146.jpg 219w, https:\/\/revistazetta.com\/wp-content\/uploads\/2019\/07\/PHOTO-2019-07-25-17-23-57-3-50x33.jpg 50w, https:\/\/revistazetta.com\/wp-content\/uploads\/2019\/07\/PHOTO-2019-07-25-17-23-57-3-113x75.jpg 113w, https:\/\/revistazetta.com\/wp-content\/uploads\/2019\/07\/PHOTO-2019-07-25-17-23-57-3.jpg 1280w\" sizes=\"auto, (max-width: 300px) 100vw, 300px\" \/><\/p>\n<p><img loading=\"lazy\" decoding=\"async\" class=\"size-medium wp-image-31145 aligncenter\" src=\"https:\/\/www.revistazetta.com\/wp-content\/uploads\/2019\/07\/PHOTO-2019-07-25-17-23-57-300x200.jpg\" alt=\"\" width=\"300\" height=\"200\" srcset=\"https:\/\/revistazetta.com\/wp-content\/uploads\/2019\/07\/PHOTO-2019-07-25-17-23-57-300x200.jpg 300w, https:\/\/revistazetta.com\/wp-content\/uploads\/2019\/07\/PHOTO-2019-07-25-17-23-57-1024x682.jpg 1024w, https:\/\/revistazetta.com\/wp-content\/uploads\/2019\/07\/PHOTO-2019-07-25-17-23-57-219x146.jpg 219w, https:\/\/revistazetta.com\/wp-content\/uploads\/2019\/07\/PHOTO-2019-07-25-17-23-57-50x33.jpg 50w, https:\/\/revistazetta.com\/wp-content\/uploads\/2019\/07\/PHOTO-2019-07-25-17-23-57-113x75.jpg 113w, https:\/\/revistazetta.com\/wp-content\/uploads\/2019\/07\/PHOTO-2019-07-25-17-23-57.jpg 1280w\" sizes=\"auto, (max-width: 300px) 100vw, 300px\" \/><\/p>\n","protected":false},"excerpt":{"rendered":"<p>El exrepresentante Hernando Padau\u00ed \u00c1lvarez inscribi\u00f3 este jueves su candidatura a la Gobernaci\u00f3n de Bol\u00edvar, con el aval del partido Cambio Radical. En su inscripci\u00f3n ante la Registradur\u00eda le acompa\u00f1\u00f3 la senadora Daira Galvis y la representante Karen Cure, as\u00ed como decenas de seguidores que lo aclamaron a su llegada a la diligencia. Padau\u00f1i agradeci\u00f3 tambi\u00e9n al exgobernador Juan Carlos Gossa\u00edn por su apoyo, y tuvo tambi\u00e9n la compa\u00f1\u00eda de su familia. \u00abMi familia es mi motor, gracias por su apoyo en este camino. Ustedes me impulsan a seguir trabajando&#8230; <\/p>\n","protected":false},"author":3,"featured_media":31104,"comment_status":"open","ping_status":"closed","sticky":false,"template":"","format":"standard","meta":{"footnotes":"","_links_to":"","_links_to_target":""},"categories":[75,4],"tags":[],"class_list":["post-31103","post","type-post","status-publish","format-standard","has-post-thumbnail","hentry","category-destacada","category-politica"],"_links":{"self":[{"href":"https:\/\/revistazetta.com\/index.php?rest_route=\/wp\/v2\/posts\/31103","targetHints":{"allow":["GET"]}}],"collection":[{"href":"https:\/\/revistazetta.com\/index.php?rest_route=\/wp\/v2\/posts"}],"about":[{"href":"https:\/\/revistazetta.com\/index.php?rest_route=\/wp\/v2\/types\/post"}],"author":[{"embeddable":true,"href":"https:\/\/revistazetta.com\/index.php?rest_route=\/wp\/v2\/users\/3"}],"replies":[{"embeddable":true,"href":"https:\/\/revistazetta.com\/index.php?rest_route=%2Fwp%2Fv2%2Fcomments&post=31103"}],"version-history":[{"count":0,"href":"https:\/\/revistazetta.com\/index.php?rest_route=\/wp\/v2\/posts\/31103\/revisions"}],"wp:featuredmedia":[{"embeddable":true,"href":"https:\/\/revistazetta.com\/index.php?rest_route=\/wp\/v2\/media\/31104"}],"wp:attachment":[{"href":"https:\/\/revistazetta.com\/index.php?rest_route=%2Fwp%2Fv2%2Fmedia&parent=31103"}],"wp:term":[{"taxonomy":"category","embeddable":true,"href":"https:\/\/revistazetta.com\/index.php?rest_route=%2Fwp%2Fv2%2Fcategories&post=31103"},{"taxonomy":"post_tag","embeddable":true,"href":"https:\/\/revistazetta.com\/index.php?rest_route=%2Fwp%2Fv2%2Ftags&post=31103"}],"curies":[{"name":"wp","href":"https:\/\/api.w.org\/{rel}","templated":true}]}}