{"id":31105,"date":"2019-07-25T11:58:39","date_gmt":"2019-07-25T16:58:39","guid":{"rendered":"http:\/\/www.revistazetta.com\/?p=31105"},"modified":"2019-07-25T11:58:39","modified_gmt":"2019-07-25T16:58:39","slug":"colombia-revolcon-tour-nairo-gana-etapa-egan-2o-la-general","status":"publish","type":"post","link":"https:\/\/revistazetta.com\/?p=31105","title":{"rendered":"Colombia hace el revolc\u00f3n en el Tour: Nairo gana etapa y Egan es 2\u00ba en la general"},"content":{"rendered":"<p><strong><em>(letour.com).- El colombiano Nairo Quintana consigue su tercera victoria de etapa en el Tour de Francia despu\u00e9s de las obtenidas en Annecy-Semnoz (2013) y el Col du Portet (2018). Su ataque en solitario a 7,5 km de la cima del Col du Galibier fue decisivo. Otro exitoso ataque en este ic\u00f3nico puerto de la Grande Boucle, permite a su compatriota Egan Bernal escalar hasta la segunda posici\u00f3n de la general, por detr\u00e1s de Alaphilippe, que logr\u00f3 defender su maillot amarillo a pesar de las dificultades. <\/em><\/strong><strong>\u00a0<\/strong><\/p>\n<p><strong>QUINTANA Y BARDET EN LA ESCAPADA<\/strong><\/p>\n<p><img loading=\"lazy\" decoding=\"async\" class=\"size-medium wp-image-31107 alignright\" src=\"https:\/\/www.revistazetta.com\/wp-content\/uploads\/2019\/07\/97b53-300x200.jpeg\" alt=\"\" width=\"300\" height=\"200\" srcset=\"https:\/\/revistazetta.com\/wp-content\/uploads\/2019\/07\/97b53-300x200.jpeg 300w, https:\/\/revistazetta.com\/wp-content\/uploads\/2019\/07\/97b53-219x146.jpeg 219w, https:\/\/revistazetta.com\/wp-content\/uploads\/2019\/07\/97b53-50x33.jpeg 50w, https:\/\/revistazetta.com\/wp-content\/uploads\/2019\/07\/97b53-112x75.jpeg 112w, https:\/\/revistazetta.com\/wp-content\/uploads\/2019\/07\/97b53.jpeg 1000w\" sizes=\"auto, (max-width: 300px) 100vw, 300px\" \/>La 6\u00aa salida del Tour de France desde Emrbun marca el arranque del tr\u00edptico alpino que decidir\u00e1 la edici\u00f3n 2019 de la Grande Boucle. 158 corredores toman la salida, dos se quedan en tierra: Lukas P\u00f6stlberger (Bora) y Soren Kragh Andersen (Sunweb), abandonan la competici\u00f3n en el d\u00eda de hoy. La escapada tarda en formarse. Son muchos los aspirantes pero ninguno logra consolidarse. Peter Sagan agita el gallinero en los primeros kil\u00f3metros, sin \u00e9xito. Alexey Lutsenko y Pierre-Luc P\u00e9richon tambi\u00e9n lo intentan durante una quincena de kil\u00f3metros pero no logran escapar al control del pelot\u00f3n. Finalmente, el pelot\u00f3n permite la formaci\u00f3n de una numerosa fuga en el km 44. La perseverancia de Alexey Lutsenko y Pierre-Luc P\u00e9richon se ve recompensada. En total, se escapan 34 corredores: Dylan Van Baarle (Ineos), Max Richeze (Deceuninck-Quick Step), Romain Bardet, Mika\u00ebl Ch\u00e9rel, Matthias Frank (AG2R), Damiano Caruso (Bahrain-Merida), Matthieu Ladagnous (Groupama-FDJ), Nairo Quintana, Andrey Amador, Carlos Verona (Movistar), Lutsenko, Gorka Izagirre (Astana), Amund Groendahl Jansen, Mike Teunissen (Jumbo-Visma), Alberto Bettiol, Michael Woods (EF Education First), Adam Yates, Daryl Impey, Chris Juul Jensen (Mitchelton-Scott), Greg Van Avermaet, Simon Geschke, Serge Pauwels (CCC), Sergio Henao (UAE Team Emirates), Julien Bernard (Trek-Segafredo), Nikias Arndt, Lennard K\u00e4mna (Sunweb), Pierre-Luc P\u00e9richon, St\u00e9phane Rossetto (Cofidis), Tiesj Benoot, Jasper De Buyst, Tim Wellens (Lotto-Soudal), Paul Ourselin (Total Direct Energie), Nils Politt (Katusha-Alpecin) y Ama\u00ebl Moinard (Ark\u00e9a-Samsic).<img loading=\"lazy\" decoding=\"async\" class=\"size-medium wp-image-31109 alignright\" src=\"https:\/\/www.revistazetta.com\/wp-content\/uploads\/2019\/07\/c74ca-300x200.jpeg\" alt=\"\" width=\"300\" height=\"200\" srcset=\"https:\/\/revistazetta.com\/wp-content\/uploads\/2019\/07\/c74ca-300x200.jpeg 300w, https:\/\/revistazetta.com\/wp-content\/uploads\/2019\/07\/c74ca-219x146.jpeg 219w, https:\/\/revistazetta.com\/wp-content\/uploads\/2019\/07\/c74ca-50x33.jpeg 50w, https:\/\/revistazetta.com\/wp-content\/uploads\/2019\/07\/c74ca-112x75.jpeg 112w, https:\/\/revistazetta.com\/wp-content\/uploads\/2019\/07\/c74ca.jpeg 1000w\" sizes=\"auto, (max-width: 300px) 100vw, 300px\" \/><\/p>\n<p><strong>CARUSO CORONA EL IZOARD<\/strong><\/p>\n<p>La fuga ataca el ascenso al Col de Vars con 6\u201905\u201d de ventaja sobre un pelot\u00f3n liderado por los hombres de Julian Alaphilippe. En la cima, Tim Wellens defiende su liderato en la clasificaci\u00f3n de la monta\u00f1a coronando el primero. La ventaja de la fuga asciende en ese momento a 7\u201930\u2019\u2019 (km 85,5). Antes de afrontar el ascenso del Col de l\u2019Izoard, Greg Van Avermaet se anticipa y se marcha acompa\u00f1ado por Julien Bernard, con quien logra sumar hasta 2\u2019 de ventaja. Los favoritos cambian s\u00fabitamente de ritmo y comienzan las hostilidades en ambos frentes. Delante, Bernard intenta aguantar solo ante un grupo de perseguidores formado por Bardet, Caruso, Quintana, Lutsenko, Woods y A.Yates, que le pisa los talones a 5 km de la cima. A unos metros de coronar, se le adelantan Caruso y Bardet\u2026que intentan escaparse a su vez en el descenso hacia Brian\u00e7on. Detr\u00e1s, Movistar endurece el ritmo y opera una selecci\u00f3n que reduce el grupo del maillot amarillo a 18 corredores.<\/p>\n<p><strong>ATQUE DE QUINTANA<\/strong><\/p>\n<p><img loading=\"lazy\" decoding=\"async\" class=\"size-medium wp-image-31108 alignright\" src=\"https:\/\/www.revistazetta.com\/wp-content\/uploads\/2019\/07\/58d8e-300x200.jpeg\" alt=\"\" width=\"300\" height=\"200\" srcset=\"https:\/\/revistazetta.com\/wp-content\/uploads\/2019\/07\/58d8e-300x200.jpeg 300w, https:\/\/revistazetta.com\/wp-content\/uploads\/2019\/07\/58d8e-219x146.jpeg 219w, https:\/\/revistazetta.com\/wp-content\/uploads\/2019\/07\/58d8e-50x33.jpeg 50w, https:\/\/revistazetta.com\/wp-content\/uploads\/2019\/07\/58d8e-112x75.jpeg 112w, https:\/\/revistazetta.com\/wp-content\/uploads\/2019\/07\/58d8e.jpeg 1000w\" sizes=\"auto, (max-width: 300px) 100vw, 300px\" \/>En Brian\u00e7on (km 152), los eslabones vuelven a juntarse para formar un grupo de 16 corredores en cabeza (Caruso, Bardet, Bernard, A.Yates, Woods, Quintana, Lutsenko, Pauwels, Kamna, Ch\u00e9rel, Van Avermaet, Geschke, Amador, Van Baarle, Benoot y Wellens). Arrancan el ascenso del Col du Galibier con 5\u201925\u201d de ventaja sobre el grupo de los favoritos. Tras una selecci\u00f3n operada en varios tiempos, Nairo Quintana lanza un ataque decisivo a 7,5 km de la cima. El colombiano consigue abrir un espacio pero a 6,5 km de la cima Romain Bardet contraataca. Le sigue Alexey Lutsenko sin intenci\u00f3n alguna de colaborar en los relevos. En estas condiciones el esfuerzo de Quintana tiene su recompensa y consigue coronar el Col du Galibier en solitario con 1\u201940\u201d de ventaja sobre Bardet\u2026que consigue, al menos, convertirse en el nuevo Rey de la Monta\u00f1a gracias a su segundo puesto en la cima del puerto. El margen de Quintana es suficiente para afrontar el descenso sobre Valloire sin riesgos e imponerse por tercera vez en una etapa del Tour de Francia.<\/p>\n<p><strong>ALAPHILIPPE DEFIENDE SU MAILLOT AMARILLO<\/strong><\/p>\n<p>En el grupo de los favoritos, la ofensiva de Ineos recae, en un primer momento, sobre Egan Bernal, que desgasta al grupo de los favoritos. Geraint Thomas afina la selecci\u00f3n reduciendo el grupo a Ur\u00e1n, Alaphilippe, Buchmann, Landa, Pinaut y Porte. Sin embargo no logra deshacerse del corredor de Deceuninck-Quick Step que consigue salvar los muebles en el descenso. El mejor parado de la jornada es Egan Bernal, que termina el d\u00eda segundo de la general.<\/p>\n","protected":false},"excerpt":{"rendered":"<p>(letour.com).- El colombiano Nairo Quintana consigue su tercera victoria de etapa en el Tour de Francia despu\u00e9s de las obtenidas en Annecy-Semnoz (2013) y el Col du Portet (2018). Su ataque en solitario a 7,5 km de la cima del Col du Galibier fue decisivo. Otro exitoso ataque en este ic\u00f3nico puerto de la Grande Boucle, permite a su compatriota Egan Bernal escalar hasta la segunda posici\u00f3n de la general, por detr\u00e1s de Alaphilippe, que logr\u00f3 defender su maillot amarillo a pesar de las dificultades. \u00a0 QUINTANA Y BARDET EN&#8230; <\/p>\n","protected":false},"author":3,"featured_media":31106,"comment_status":"open","ping_status":"closed","sticky":false,"template":"","format":"standard","meta":{"footnotes":"","_links_to":"","_links_to_target":""},"categories":[53,75],"tags":[],"class_list":["post-31105","post","type-post","status-publish","format-standard","has-post-thumbnail","hentry","category-deportes","category-destacada"],"_links":{"self":[{"href":"https:\/\/revistazetta.com\/index.php?rest_route=\/wp\/v2\/posts\/31105","targetHints":{"allow":["GET"]}}],"collection":[{"href":"https:\/\/revistazetta.com\/index.php?rest_route=\/wp\/v2\/posts"}],"about":[{"href":"https:\/\/revistazetta.com\/index.php?rest_route=\/wp\/v2\/types\/post"}],"author":[{"embeddable":true,"href":"https:\/\/revistazetta.com\/index.php?rest_route=\/wp\/v2\/users\/3"}],"replies":[{"embeddable":true,"href":"https:\/\/revistazetta.com\/index.php?rest_route=%2Fwp%2Fv2%2Fcomments&post=31105"}],"version-history":[{"count":0,"href":"https:\/\/revistazetta.com\/index.php?rest_route=\/wp\/v2\/posts\/31105\/revisions"}],"wp:featuredmedia":[{"embeddable":true,"href":"https:\/\/revistazetta.com\/index.php?rest_route=\/wp\/v2\/media\/31106"}],"wp:attachment":[{"href":"https:\/\/revistazetta.com\/index.php?rest_route=%2Fwp%2Fv2%2Fmedia&parent=31105"}],"wp:term":[{"taxonomy":"category","embeddable":true,"href":"https:\/\/revistazetta.com\/index.php?rest_route=%2Fwp%2Fv2%2Fcategories&post=31105"},{"taxonomy":"post_tag","embeddable":true,"href":"https:\/\/revistazetta.com\/index.php?rest_route=%2Fwp%2Fv2%2Ftags&post=31105"}],"curies":[{"name":"wp","href":"https:\/\/api.w.org\/{rel}","templated":true}]}}