{"id":31110,"date":"2019-07-25T15:32:48","date_gmt":"2019-07-25T20:32:48","guid":{"rendered":"http:\/\/www.revistazetta.com\/?p=31110"},"modified":"2019-07-25T15:34:45","modified_gmt":"2019-07-25T20:34:45","slug":"lista-cambio-radical-al-concejo-cartagena","status":"publish","type":"post","link":"https:\/\/revistazetta.com\/?p=31110","title":{"rendered":"Lista de Cambio Radical al Concejo de Cartagena"},"content":{"rendered":"<p>Esta es la lista que el partido Cambio Radical inscribi\u00f3 ante la Registradur\u00eda:<\/p>\n<p>1. Luis Cassiani Valiente<\/p>\n<p>2. Wilson Toncel Ochoa<\/p>\n<p>3. Carlos Barrios G\u00f3mez<\/p>\n<p>4. Dagoberto Mac\u00edas Cabrera<\/p>\n<p>5. Carlos Manuel Jim\u00e9nez Fern\u00e1ndez<\/p>\n<p>6. Claudia Navas Ceballos<\/p>\n<p>7. Carlos Raad de la Ossa<\/p>\n<p>8. Juan Carlos Z\u00e1rate<\/p>\n<p>9. Edith Herrera Jaramillo<\/p>\n<p>10. Antonio Salim Guerra<\/p>\n<p>11. Carlos NGChing<\/p>\n<p>12. Elizabeth Jim\u00e9nez \u00c1lvarez<\/p>\n<p>13. Isabel Pareja Asprilla<\/p>\n<p>14. Gilma Jim\u00e9nez Medina<\/p>\n<p>15. Jorge Pe\u00f1aranda Gordillo<\/p>\n<p>16. Camilo Luis Galeano George<\/p>\n","protected":false},"excerpt":{"rendered":"<p>Esta es la lista que el partido Cambio Radical inscribi\u00f3 ante la Registradur\u00eda: 1. Luis Cassiani Valiente 2. Wilson Toncel Ochoa 3. Carlos Barrios G\u00f3mez 4. Dagoberto Mac\u00edas Cabrera 5. Carlos Manuel Jim\u00e9nez Fern\u00e1ndez 6. Claudia Navas Ceballos 7. Carlos Raad de la Ossa 8. Juan Carlos Z\u00e1rate 9. Edith Herrera Jaramillo 10. Antonio Salim Guerra 11. Carlos NGChing 12. Elizabeth Jim\u00e9nez \u00c1lvarez 13. Isabel Pareja Asprilla 14. Gilma Jim\u00e9nez Medina 15. Jorge Pe\u00f1aranda Gordillo 16. Camilo Luis Galeano George<\/p>\n","protected":false},"author":3,"featured_media":31112,"comment_status":"open","ping_status":"closed","sticky":false,"template":"","format":"standard","meta":{"footnotes":"","_links_to":"","_links_to_target":""},"categories":[75,4],"tags":[],"class_list":["post-31110","post","type-post","status-publish","format-standard","has-post-thumbnail","hentry","category-destacada","category-politica"],"_links":{"self":[{"href":"https:\/\/revistazetta.com\/index.php?rest_route=\/wp\/v2\/posts\/31110","targetHints":{"allow":["GET"]}}],"collection":[{"href":"https:\/\/revistazetta.com\/index.php?rest_route=\/wp\/v2\/posts"}],"about":[{"href":"https:\/\/revistazetta.com\/index.php?rest_route=\/wp\/v2\/types\/post"}],"author":[{"embeddable":true,"href":"https:\/\/revistazetta.com\/index.php?rest_route=\/wp\/v2\/users\/3"}],"replies":[{"embeddable":true,"href":"https:\/\/revistazetta.com\/index.php?rest_route=%2Fwp%2Fv2%2Fcomments&post=31110"}],"version-history":[{"count":0,"href":"https:\/\/revistazetta.com\/index.php?rest_route=\/wp\/v2\/posts\/31110\/revisions"}],"wp:featuredmedia":[{"embeddable":true,"href":"https:\/\/revistazetta.com\/index.php?rest_route=\/wp\/v2\/media\/31112"}],"wp:attachment":[{"href":"https:\/\/revistazetta.com\/index.php?rest_route=%2Fwp%2Fv2%2Fmedia&parent=31110"}],"wp:term":[{"taxonomy":"category","embeddable":true,"href":"https:\/\/revistazetta.com\/index.php?rest_route=%2Fwp%2Fv2%2Fcategories&post=31110"},{"taxonomy":"post_tag","embeddable":true,"href":"https:\/\/revistazetta.com\/index.php?rest_route=%2Fwp%2Fv2%2Ftags&post=31110"}],"curies":[{"name":"wp","href":"https:\/\/api.w.org\/{rel}","templated":true}]}}