{"id":31116,"date":"2019-07-25T15:53:31","date_gmt":"2019-07-25T20:53:31","guid":{"rendered":"http:\/\/www.revistazetta.com\/?p=31116"},"modified":"2019-07-25T17:44:08","modified_gmt":"2019-07-25T22:44:08","slug":"concejo-gremial-invoca-garrote-del-procurador-elecciones","status":"publish","type":"post","link":"https:\/\/revistazetta.com\/?p=31116","title":{"rendered":"Consejo Gremial invoca \u00abgarrote\u00bb del Procurador en elecciones"},"content":{"rendered":"<p>El procurador Fernando Carrillo advirti\u00f3 que el entonces candidato, y luego Alcalde de Cartagena, Antonio Quinto Guerra Varela, estaba inhabilitado, y llev\u00f3 ese argumento al campo jur\u00eddico, lo que termin\u00f3 en la declaratoria de nulidad de la elecci\u00f3n del l\u00edder conservador.<\/p>\n<p>Para evitar que una situaci\u00f3n an\u00e1loga se vuelva a presentar, el Consejo Gremial de Bol\u00edvar le pidi\u00f3 al Procurador que intervenga y acelere las investigaciones que tiene contra candidatos a la Alcald\u00eda de Cartagena y Gobernaci\u00f3n de Bol\u00edvar.<\/p>\n<p>El Consejo Gremial no menciona a nadie, lo que no obsta para se\u00f1alar que los que m\u00e1s ruido han generado en ese sentido son Yolanda Wong, Sergio Londo\u00f1o y Hernando Padau\u00ed.<\/p>\n<p>Este es el comunicado de la entidad gremial:<\/p>\n<p><em><span style=\"font-family: 'Liberation Sans', serif; color: #000080;\"><span style=\"font-size: xx-large;\"><b><span style=\"font-family: arial, serif;\"><span style=\"font-size: medium;\"><span lang=\"es-ES\">Consejo gremial de Bol\u00edvar solicita al Procurador General celeridad en investigaciones a candidatos a la Alcald\u00eda de Cartagena y Bol\u00edvar.<\/span><\/span><\/span><\/b><\/span><\/span><\/em><\/p>\n<p class=\"m_8168081605446465001gmail-western\" align=\"justify\"><em><span style=\"color: #000080;\"><span style=\"font-family: arial, serif;\"><span style=\"font-size: small;\"><span lang=\"es-ES\">El d\u00eda de hoy el CGB, en su condici\u00f3n de representante de los gremios de Cartagena y Bol\u00edvar y frente a hechos ampliamente conocidos, manifest\u00f3 al Procurador General Fernando Carrillo la necesidad de actuar con la pertinencia y celeridad que corresponde en las investigaciones sobre presuntas inhabilidades e incompatibilidades de candidatos a cargos de elecci\u00f3n popular; especialmente a quienes aspiran a la Alcald\u00eda de Cartagena y Gobernaci\u00f3n de Bol\u00edvar. <\/span><\/span><\/span><\/span><\/em><\/p>\n<p class=\"m_8168081605446465001gmail-western\" align=\"justify\"><em><span style=\"color: #000080;\">\u201c<span style=\"font-family: arial, serif;\"><span style=\"font-size: small;\"><span lang=\"es-ES\">Al <\/span><\/span><\/span><span style=\"font-family: arial, serif;\"><span style=\"font-size: small;\"><span lang=\"es-ES\">limite de la inscripci\u00f3n de candidatos a cargos de elecci\u00f3n popular e inicio de sus campa\u00f1as se evidencia como contin\u00faan en su aspiraci\u00f3n sin resolver presuntas faltas que fueron puestas en conocimiento de la autoridad competente. Insisto en que,resolver a tiempo cualquier duda sobre los candidatos es lo mejor tanto para quienes aspiran ser elegidos, como para la ciudadan\u00eda que espera estabilidad en la Administraci\u00f3n Distrital y Departamental\u201d. <\/span><\/span><\/span><span style=\"font-family: arial, serif;\"><span style=\"font-size: small;\"><span lang=\"es-ES\">expreso Ver\u00f3nica Monterrosa, directora del Consejo Gremial de Bol\u00edvar.<\/span><\/span><\/span><\/span><\/em><\/p>\n<p class=\"m_8168081605446465001gmail-western\" align=\"justify\"><em><span style=\"color: #000080;\"><span style=\"font-family: arial, serif;\"><span style=\"font-size: small;\"><span lang=\"es-ES\">El Consejo Gremial de Bol\u00edvar manifest\u00f3, en misiva dirigida al funcionario nacional: \u201cHaber enfrentado la peor crisis pol\u00edtico administrativa del pa\u00eds, con 14 alcaldes en los \u00faltimos diez a\u00f1os, obliga a exigir especial inter\u00e9s en las acciones que correspondan para que los cartageneros y bolivarenses puedan acudir a las urnas en espera de un gobierno local estable, comprometido, informado y con visi\u00f3n de futuro que articule todas las fuerzas vivas que movilizan el desarrollo de la ciudad. Este es el prop\u00f3sito que nos une y por el cual nos ratificamos en nuestra petici\u00f3n\u201d.<\/span><\/span><\/span><\/span><\/em><\/p>\n<p class=\"m_8168081605446465001gmail-western\" align=\"justify\"><a href=\"https:\/\/www.revistazetta.com\/wp-content\/uploads\/2019\/07\/Solicitud-Procuradur\u00eda-Investigaciones-a-candidatos-a-cargos-de-elecci\u00f3n-popular.pdf\">Solicitud Procuradur\u00eda &#8211; Investigaciones a candidatos a cargos de elecci\u00f3n popular<\/a><\/p>\n","protected":false},"excerpt":{"rendered":"<p>El procurador Fernando Carrillo advirti\u00f3 que el entonces candidato, y luego Alcalde de Cartagena, Antonio Quinto Guerra Varela, estaba inhabilitado, y llev\u00f3 ese argumento al campo jur\u00eddico, lo que termin\u00f3 en la declaratoria de nulidad de la elecci\u00f3n del l\u00edder conservador. Para evitar que una situaci\u00f3n an\u00e1loga se vuelva a presentar, el Consejo Gremial de Bol\u00edvar le pidi\u00f3 al Procurador que intervenga y acelere las investigaciones que tiene contra candidatos a la Alcald\u00eda de Cartagena y Gobernaci\u00f3n de Bol\u00edvar. El Consejo Gremial no menciona a nadie, lo que no obsta&#8230; <\/p>\n","protected":false},"author":3,"featured_media":31141,"comment_status":"open","ping_status":"closed","sticky":false,"template":"","format":"standard","meta":{"footnotes":"","_links_to":"","_links_to_target":""},"categories":[3,50],"tags":[],"class_list":["post-31116","post","type-post","status-publish","format-standard","has-post-thumbnail","hentry","category-ciudad","category-empresa"],"_links":{"self":[{"href":"https:\/\/revistazetta.com\/index.php?rest_route=\/wp\/v2\/posts\/31116","targetHints":{"allow":["GET"]}}],"collection":[{"href":"https:\/\/revistazetta.com\/index.php?rest_route=\/wp\/v2\/posts"}],"about":[{"href":"https:\/\/revistazetta.com\/index.php?rest_route=\/wp\/v2\/types\/post"}],"author":[{"embeddable":true,"href":"https:\/\/revistazetta.com\/index.php?rest_route=\/wp\/v2\/users\/3"}],"replies":[{"embeddable":true,"href":"https:\/\/revistazetta.com\/index.php?rest_route=%2Fwp%2Fv2%2Fcomments&post=31116"}],"version-history":[{"count":0,"href":"https:\/\/revistazetta.com\/index.php?rest_route=\/wp\/v2\/posts\/31116\/revisions"}],"wp:featuredmedia":[{"embeddable":true,"href":"https:\/\/revistazetta.com\/index.php?rest_route=\/wp\/v2\/media\/31141"}],"wp:attachment":[{"href":"https:\/\/revistazetta.com\/index.php?rest_route=%2Fwp%2Fv2%2Fmedia&parent=31116"}],"wp:term":[{"taxonomy":"category","embeddable":true,"href":"https:\/\/revistazetta.com\/index.php?rest_route=%2Fwp%2Fv2%2Fcategories&post=31116"},{"taxonomy":"post_tag","embeddable":true,"href":"https:\/\/revistazetta.com\/index.php?rest_route=%2Fwp%2Fv2%2Ftags&post=31116"}],"curies":[{"name":"wp","href":"https:\/\/api.w.org\/{rel}","templated":true}]}}