{"id":31120,"date":"2019-07-25T16:05:57","date_gmt":"2019-07-25T21:05:57","guid":{"rendered":"http:\/\/www.revistazetta.com\/?p=31120"},"modified":"2019-07-25T17:44:22","modified_gmt":"2019-07-25T22:44:22","slug":"arjona-alista-puntos-semaforos","status":"publish","type":"post","link":"https:\/\/revistazetta.com\/?p=31120","title":{"rendered":"Arjona alista puntos para sem\u00e1foros"},"content":{"rendered":"<p>La alcaldesa de Arjona Esther Mar\u00eda Jalilie Garc\u00eda en compa\u00f1\u00eda del Secretario de Tr\u00e1nsito y Transporte David Rhenals, realiz\u00f3 un recorrido por las obras que se est\u00e1n llevando a cabo para la instalaci\u00f3n de sem\u00e1foros en diferentes puntos del municipio, esto como reflejo del trabajo que se viene realizando para mejorar la seguridad vial y generar conciencia y responsabilidad a todos los actores de la v\u00eda.<\/p>\n<p>Con una inversi\u00f3n alrededor de 650 millones de pesos con recursos propios, se implementar\u00e1\u00a0 este nuevo sistema de movilidad en Arjona, el cual contar\u00e1 con la instalaci\u00f3n de 5 puntos ubicados en las intersecciones\u00a0de Calle del Coco con Calle Juncal (A la altura de la llamada Bomba del Amparo), Calle Juncal con Calle Primera de Nari\u00f1o (Esquina del Almac\u00e9n Ol\u00edmpica), Calle Real con Calle 20 de Julio (Esquina de Drogas La Rebaja), Calle del Mercado con Calle Portobelo (Esquina Centro C\u00edvico Julio Gil Beltr\u00e1n)\u00a0y la Calle La Palma con Calle del Mercado.<\/p>\n<p>Estos puntos fueron priorizados de acuerdo al estudio que se realiz\u00f3, teniendo estos mayores \u00edndices de accidentalidad y flujo tanto peatonal como vehicular.<\/p>\n<p>La alcaldesa de Arjona, Esther Mar\u00eda explic\u00f3 que se va a contar con un sistema digital que va a permitir actuar en tiempo real ante cual falta de programaci\u00f3n que haya o ante cualquier motivo que pueda afectarlo, estos van a trabajar 24 horas los 7 d\u00edas de la semana, ya que tiene un sistema que permite, por falta de energ\u00eda el\u00e9ctrica, resistir hasta 8 horas habilitados.<\/p>\n<p>De igual forma la mandataria de los arjoneros manifest\u00f3 \u201cLos agentes y reguladores de tr\u00e1nsito van a seguir apoyando estos procesos, al\u00a0 principio vamos a tener un proceso de adaptaci\u00f3n, pero esperamos que muy prontamente todos los arjoneros y visitantes podamos estar cumpliendo con estas normas de tr\u00e1nsito y se\u00f1ales que son muy importante para nosotros\u201d.<\/p>\n<p>Por su parte el secretario de Tr\u00e1nsito, David Rhenals explic\u00f3 que se tendr\u00e1 una etapa pedag\u00f3gica de tres meses a partir de su instalaci\u00f3n.<\/p>\n<p>As\u00ed mismo expres\u00f3, que la administraci\u00f3n es consiente que existen otros puntos de accidentalidad en el municipio, como los son los ubicados en la carretera troncal, \u00a0de los cuales se solicitaron los permisos para la instalaci\u00f3n y no fueron dados por las entidades correspondientes. Sin embargo, el gobierno de Arjona S\u00ed Avanza seguir\u00e1 realizando las respectivas gestiones para lograr la instalaci\u00f3n de ese y otros puntos de alta peligrosidad vial.<\/p>\n","protected":false},"excerpt":{"rendered":"<p>La alcaldesa de Arjona Esther Mar\u00eda Jalilie Garc\u00eda en compa\u00f1\u00eda del Secretario de Tr\u00e1nsito y Transporte David Rhenals, realiz\u00f3 un recorrido por las obras que se est\u00e1n llevando a cabo para la instalaci\u00f3n de sem\u00e1foros en diferentes puntos del municipio, esto como reflejo del trabajo que se viene realizando para mejorar la seguridad vial y generar conciencia y responsabilidad a todos los actores de la v\u00eda. Con una inversi\u00f3n alrededor de 650 millones de pesos con recursos propios, se implementar\u00e1\u00a0 este nuevo sistema de movilidad en Arjona, el cual contar\u00e1&#8230; <\/p>\n","protected":false},"author":3,"featured_media":31121,"comment_status":"open","ping_status":"closed","sticky":false,"template":"","format":"standard","meta":{"footnotes":"","_links_to":"","_links_to_target":""},"categories":[83,80],"tags":[],"class_list":["post-31120","post","type-post","status-publish","format-standard","has-post-thumbnail","hentry","category-municipios","category-region"],"_links":{"self":[{"href":"https:\/\/revistazetta.com\/index.php?rest_route=\/wp\/v2\/posts\/31120","targetHints":{"allow":["GET"]}}],"collection":[{"href":"https:\/\/revistazetta.com\/index.php?rest_route=\/wp\/v2\/posts"}],"about":[{"href":"https:\/\/revistazetta.com\/index.php?rest_route=\/wp\/v2\/types\/post"}],"author":[{"embeddable":true,"href":"https:\/\/revistazetta.com\/index.php?rest_route=\/wp\/v2\/users\/3"}],"replies":[{"embeddable":true,"href":"https:\/\/revistazetta.com\/index.php?rest_route=%2Fwp%2Fv2%2Fcomments&post=31120"}],"version-history":[{"count":0,"href":"https:\/\/revistazetta.com\/index.php?rest_route=\/wp\/v2\/posts\/31120\/revisions"}],"wp:featuredmedia":[{"embeddable":true,"href":"https:\/\/revistazetta.com\/index.php?rest_route=\/wp\/v2\/media\/31121"}],"wp:attachment":[{"href":"https:\/\/revistazetta.com\/index.php?rest_route=%2Fwp%2Fv2%2Fmedia&parent=31120"}],"wp:term":[{"taxonomy":"category","embeddable":true,"href":"https:\/\/revistazetta.com\/index.php?rest_route=%2Fwp%2Fv2%2Fcategories&post=31120"},{"taxonomy":"post_tag","embeddable":true,"href":"https:\/\/revistazetta.com\/index.php?rest_route=%2Fwp%2Fv2%2Ftags&post=31120"}],"curies":[{"name":"wp","href":"https:\/\/api.w.org\/{rel}","templated":true}]}}