{"id":31122,"date":"2019-07-25T16:16:09","date_gmt":"2019-07-25T21:16:09","guid":{"rendered":"http:\/\/www.revistazetta.com\/?p=31122"},"modified":"2019-07-25T16:16:09","modified_gmt":"2019-07-25T21:16:09","slug":"multitud-acompano-fernando-araujo-inscripcion","status":"publish","type":"post","link":"https:\/\/revistazetta.com\/?p=31122","title":{"rendered":"Multitud acompa\u00f1\u00f3 a Fernando Ara\u00fajo en su inscripci\u00f3n"},"content":{"rendered":"<p><img loading=\"lazy\" decoding=\"async\" class=\"size-medium wp-image-31132 alignright\" src=\"https:\/\/www.revistazetta.com\/wp-content\/uploads\/2019\/07\/FAP-insc-9-300x200.jpg\" alt=\"\" width=\"300\" height=\"200\" srcset=\"https:\/\/revistazetta.com\/wp-content\/uploads\/2019\/07\/FAP-insc-9-300x200.jpg 300w, https:\/\/revistazetta.com\/wp-content\/uploads\/2019\/07\/FAP-insc-9-1024x682.jpg 1024w, https:\/\/revistazetta.com\/wp-content\/uploads\/2019\/07\/FAP-insc-9-219x146.jpg 219w, https:\/\/revistazetta.com\/wp-content\/uploads\/2019\/07\/FAP-insc-9-50x33.jpg 50w, https:\/\/revistazetta.com\/wp-content\/uploads\/2019\/07\/FAP-insc-9-113x75.jpg 113w, https:\/\/revistazetta.com\/wp-content\/uploads\/2019\/07\/FAP-insc-9.jpg 1280w\" sizes=\"auto, (max-width: 300px) 100vw, 300px\" \/>Acompa\u00f1ado de amigos, familiares y seguidores se inscribi\u00f3 Fernando Ara\u00fajo como candidato a la Alcald\u00eda de Cartagena por el movimiento independiente &#8216;Juntos Haremos el Cambio&#8217;, y el coaval de los Partidos Centro Democr\u00e1tico y Mira.<\/p>\n<p>Durante la inscripci\u00f3n el candidato asegur\u00f3 que su movimiento es abierto y que caben todos los que quieran aportar para que la ciudad pueda superar la miseria, generar m\u00e1s empleo y tener un manejo de lo publico transparente apegado siempre a la legalidad.<\/p>\n<p>Entre las propuestas que destac\u00f3 el candidato est\u00e1n: la tarifa preferencial en Transcaribe para deportistas y estudiantes; m\u00e1s sedes del Sena para el provecho de los cartageneros; mejorar la seguridad y sacar adelante todos los programas y proyectos que permitan la superaci\u00f3n de la miseria en la ciudad.<\/p>\n<p>\u00abMe comprometo a poner mis conocimientos al servicio de los cartageneros, liderar\u00e9 la revoluci\u00f3n de viviendas que necesitan los cartageneros y llevar\u00e9 a cabo el plan m\u00e1s ambicioso de mejoramiento de vivienda.<br \/>\nAs\u00ed mismo le vamos a devolver la seguridad a los cartageneros de la mano de la Fuerza P\u00fablica\u00bb, precis\u00f3 Ara\u00fajo.<\/p>\n<p>El candidato agradeci\u00f3 a los partidos Centro Democr\u00e1tico y Mira por su respaldo y asegur\u00f3 que trabajar\u00e1 con ellos y con todos los que se quieran sumar a su proyecto para sacar adelante la ciudad. \u00abTenemos que unir esfuerzos para que los cartageneros puedan tener platica en el bolsillo para resolver sus necesidades\u00bb, dijo.<\/p>\n<p><img loading=\"lazy\" decoding=\"async\" class=\"alignnone size-medium wp-image-31131\" src=\"https:\/\/www.revistazetta.com\/wp-content\/uploads\/2019\/07\/FAP-insc-8-300x200.jpg\" alt=\"\" width=\"300\" height=\"200\" srcset=\"https:\/\/revistazetta.com\/wp-content\/uploads\/2019\/07\/FAP-insc-8-300x200.jpg 300w, https:\/\/revistazetta.com\/wp-content\/uploads\/2019\/07\/FAP-insc-8-1024x682.jpg 1024w, https:\/\/revistazetta.com\/wp-content\/uploads\/2019\/07\/FAP-insc-8-219x146.jpg 219w, https:\/\/revistazetta.com\/wp-content\/uploads\/2019\/07\/FAP-insc-8-50x33.jpg 50w, https:\/\/revistazetta.com\/wp-content\/uploads\/2019\/07\/FAP-insc-8-113x75.jpg 113w, https:\/\/revistazetta.com\/wp-content\/uploads\/2019\/07\/FAP-insc-8.jpg 1280w\" sizes=\"auto, (max-width: 300px) 100vw, 300px\" \/> <img loading=\"lazy\" decoding=\"async\" class=\"alignnone size-medium wp-image-31130\" src=\"https:\/\/www.revistazetta.com\/wp-content\/uploads\/2019\/07\/FAP-insc-7-300x200.jpg\" alt=\"\" width=\"300\" height=\"200\" srcset=\"https:\/\/revistazetta.com\/wp-content\/uploads\/2019\/07\/FAP-insc-7-300x200.jpg 300w, https:\/\/revistazetta.com\/wp-content\/uploads\/2019\/07\/FAP-insc-7-1024x682.jpg 1024w, https:\/\/revistazetta.com\/wp-content\/uploads\/2019\/07\/FAP-insc-7-219x146.jpg 219w, https:\/\/revistazetta.com\/wp-content\/uploads\/2019\/07\/FAP-insc-7-50x33.jpg 50w, https:\/\/revistazetta.com\/wp-content\/uploads\/2019\/07\/FAP-insc-7-113x75.jpg 113w, https:\/\/revistazetta.com\/wp-content\/uploads\/2019\/07\/FAP-insc-7.jpg 1280w\" sizes=\"auto, (max-width: 300px) 100vw, 300px\" \/> <img loading=\"lazy\" decoding=\"async\" class=\"alignnone size-medium wp-image-31129\" src=\"https:\/\/www.revistazetta.com\/wp-content\/uploads\/2019\/07\/FAP-insc-6-300x200.jpg\" alt=\"\" width=\"300\" height=\"200\" srcset=\"https:\/\/revistazetta.com\/wp-content\/uploads\/2019\/07\/FAP-insc-6-300x200.jpg 300w, https:\/\/revistazetta.com\/wp-content\/uploads\/2019\/07\/FAP-insc-6-1024x682.jpg 1024w, https:\/\/revistazetta.com\/wp-content\/uploads\/2019\/07\/FAP-insc-6-219x146.jpg 219w, https:\/\/revistazetta.com\/wp-content\/uploads\/2019\/07\/FAP-insc-6-50x33.jpg 50w, https:\/\/revistazetta.com\/wp-content\/uploads\/2019\/07\/FAP-insc-6-113x75.jpg 113w, https:\/\/revistazetta.com\/wp-content\/uploads\/2019\/07\/FAP-insc-6.jpg 1280w\" sizes=\"auto, (max-width: 300px) 100vw, 300px\" \/> <img loading=\"lazy\" decoding=\"async\" class=\"alignnone size-medium wp-image-31128\" src=\"https:\/\/www.revistazetta.com\/wp-content\/uploads\/2019\/07\/FAP-insc-5-300x188.jpg\" alt=\"\" width=\"300\" height=\"188\" srcset=\"https:\/\/revistazetta.com\/wp-content\/uploads\/2019\/07\/FAP-insc-5-300x188.jpg 300w, https:\/\/revistazetta.com\/wp-content\/uploads\/2019\/07\/FAP-insc-5.jpg 1024w, https:\/\/revistazetta.com\/wp-content\/uploads\/2019\/07\/FAP-insc-5-234x146.jpg 234w, https:\/\/revistazetta.com\/wp-content\/uploads\/2019\/07\/FAP-insc-5-50x31.jpg 50w, https:\/\/revistazetta.com\/wp-content\/uploads\/2019\/07\/FAP-insc-5-120x75.jpg 120w\" sizes=\"auto, (max-width: 300px) 100vw, 300px\" \/> <img loading=\"lazy\" decoding=\"async\" class=\"alignnone size-medium wp-image-31127\" src=\"https:\/\/www.revistazetta.com\/wp-content\/uploads\/2019\/07\/FAP-insc-4-300x200.jpg\" alt=\"\" width=\"300\" height=\"200\" srcset=\"https:\/\/revistazetta.com\/wp-content\/uploads\/2019\/07\/FAP-insc-4-300x200.jpg 300w, https:\/\/revistazetta.com\/wp-content\/uploads\/2019\/07\/FAP-insc-4-1024x682.jpg 1024w, https:\/\/revistazetta.com\/wp-content\/uploads\/2019\/07\/FAP-insc-4-219x146.jpg 219w, https:\/\/revistazetta.com\/wp-content\/uploads\/2019\/07\/FAP-insc-4-50x33.jpg 50w, https:\/\/revistazetta.com\/wp-content\/uploads\/2019\/07\/FAP-insc-4-113x75.jpg 113w, https:\/\/revistazetta.com\/wp-content\/uploads\/2019\/07\/FAP-insc-4.jpg 1280w\" sizes=\"auto, (max-width: 300px) 100vw, 300px\" \/> <img loading=\"lazy\" decoding=\"async\" class=\"alignnone size-medium wp-image-31126\" src=\"https:\/\/www.revistazetta.com\/wp-content\/uploads\/2019\/07\/FAP-insc-3-300x200.jpg\" alt=\"\" width=\"300\" height=\"200\" srcset=\"https:\/\/revistazetta.com\/wp-content\/uploads\/2019\/07\/FAP-insc-3-300x200.jpg 300w, https:\/\/revistazetta.com\/wp-content\/uploads\/2019\/07\/FAP-insc-3-1024x682.jpg 1024w, https:\/\/revistazetta.com\/wp-content\/uploads\/2019\/07\/FAP-insc-3-219x146.jpg 219w, https:\/\/revistazetta.com\/wp-content\/uploads\/2019\/07\/FAP-insc-3-50x33.jpg 50w, https:\/\/revistazetta.com\/wp-content\/uploads\/2019\/07\/FAP-insc-3-113x75.jpg 113w, https:\/\/revistazetta.com\/wp-content\/uploads\/2019\/07\/FAP-insc-3.jpg 1280w\" sizes=\"auto, (max-width: 300px) 100vw, 300px\" \/> <img loading=\"lazy\" decoding=\"async\" class=\"alignnone size-medium wp-image-31125\" src=\"https:\/\/www.revistazetta.com\/wp-content\/uploads\/2019\/07\/FAP-insc-2-300x200.jpg\" alt=\"\" width=\"300\" height=\"200\" srcset=\"https:\/\/revistazetta.com\/wp-content\/uploads\/2019\/07\/FAP-insc-2-300x200.jpg 300w, https:\/\/revistazetta.com\/wp-content\/uploads\/2019\/07\/FAP-insc-2-1024x682.jpg 1024w, https:\/\/revistazetta.com\/wp-content\/uploads\/2019\/07\/FAP-insc-2-219x146.jpg 219w, https:\/\/revistazetta.com\/wp-content\/uploads\/2019\/07\/FAP-insc-2-50x33.jpg 50w, https:\/\/revistazetta.com\/wp-content\/uploads\/2019\/07\/FAP-insc-2-113x75.jpg 113w, https:\/\/revistazetta.com\/wp-content\/uploads\/2019\/07\/FAP-insc-2.jpg 1280w\" sizes=\"auto, (max-width: 300px) 100vw, 300px\" \/> <img loading=\"lazy\" decoding=\"async\" class=\"alignnone size-medium wp-image-31124\" src=\"https:\/\/www.revistazetta.com\/wp-content\/uploads\/2019\/07\/FAP-insc-1-300x200.jpg\" alt=\"\" width=\"300\" height=\"200\" srcset=\"https:\/\/revistazetta.com\/wp-content\/uploads\/2019\/07\/FAP-insc-1-300x200.jpg 300w, https:\/\/revistazetta.com\/wp-content\/uploads\/2019\/07\/FAP-insc-1-1024x682.jpg 1024w, https:\/\/revistazetta.com\/wp-content\/uploads\/2019\/07\/FAP-insc-1-219x146.jpg 219w, https:\/\/revistazetta.com\/wp-content\/uploads\/2019\/07\/FAP-insc-1-50x33.jpg 50w, https:\/\/revistazetta.com\/wp-content\/uploads\/2019\/07\/FAP-insc-1-113x75.jpg 113w, https:\/\/revistazetta.com\/wp-content\/uploads\/2019\/07\/FAP-insc-1.jpg 1280w\" sizes=\"auto, (max-width: 300px) 100vw, 300px\" \/><\/p>\n","protected":false},"excerpt":{"rendered":"<p>Acompa\u00f1ado de amigos, familiares y seguidores se inscribi\u00f3 Fernando Ara\u00fajo como candidato a la Alcald\u00eda de Cartagena por el movimiento independiente &#8216;Juntos Haremos el Cambio&#8217;, y el coaval de los Partidos Centro Democr\u00e1tico y Mira. Durante la inscripci\u00f3n el candidato asegur\u00f3 que su movimiento es abierto y que caben todos los que quieran aportar para que la ciudad pueda superar la miseria, generar m\u00e1s empleo y tener un manejo de lo publico transparente apegado siempre a la legalidad. Entre las propuestas que destac\u00f3 el candidato est\u00e1n: la tarifa preferencial en&#8230; <\/p>\n","protected":false},"author":3,"featured_media":31123,"comment_status":"open","ping_status":"closed","sticky":false,"template":"","format":"standard","meta":{"footnotes":"","_links_to":"","_links_to_target":""},"categories":[75,4],"tags":[],"class_list":["post-31122","post","type-post","status-publish","format-standard","has-post-thumbnail","hentry","category-destacada","category-politica"],"_links":{"self":[{"href":"https:\/\/revistazetta.com\/index.php?rest_route=\/wp\/v2\/posts\/31122","targetHints":{"allow":["GET"]}}],"collection":[{"href":"https:\/\/revistazetta.com\/index.php?rest_route=\/wp\/v2\/posts"}],"about":[{"href":"https:\/\/revistazetta.com\/index.php?rest_route=\/wp\/v2\/types\/post"}],"author":[{"embeddable":true,"href":"https:\/\/revistazetta.com\/index.php?rest_route=\/wp\/v2\/users\/3"}],"replies":[{"embeddable":true,"href":"https:\/\/revistazetta.com\/index.php?rest_route=%2Fwp%2Fv2%2Fcomments&post=31122"}],"version-history":[{"count":0,"href":"https:\/\/revistazetta.com\/index.php?rest_route=\/wp\/v2\/posts\/31122\/revisions"}],"wp:featuredmedia":[{"embeddable":true,"href":"https:\/\/revistazetta.com\/index.php?rest_route=\/wp\/v2\/media\/31123"}],"wp:attachment":[{"href":"https:\/\/revistazetta.com\/index.php?rest_route=%2Fwp%2Fv2%2Fmedia&parent=31122"}],"wp:term":[{"taxonomy":"category","embeddable":true,"href":"https:\/\/revistazetta.com\/index.php?rest_route=%2Fwp%2Fv2%2Fcategories&post=31122"},{"taxonomy":"post_tag","embeddable":true,"href":"https:\/\/revistazetta.com\/index.php?rest_route=%2Fwp%2Fv2%2Ftags&post=31122"}],"curies":[{"name":"wp","href":"https:\/\/api.w.org\/{rel}","templated":true}]}}