{"id":31133,"date":"2019-07-25T16:25:39","date_gmt":"2019-07-25T21:25:39","guid":{"rendered":"http:\/\/www.revistazetta.com\/?p=31133"},"modified":"2019-07-25T16:26:08","modified_gmt":"2019-07-25T21:26:08","slug":"ciudad-merece-verdadero-cambio-claudia-fadul","status":"publish","type":"post","link":"https:\/\/revistazetta.com\/?p=31133","title":{"rendered":"\u00abLa ciudad merece un verdadero cambio\u00bb: Claudia Fadul"},"content":{"rendered":"<p>Acompa\u00f1ada de amigos, familiares y simpatizantes, Claudia Fadul inscribi\u00f3 su candidatura a la Alcald\u00eda de Cartagena por el movimiento independiente \u00bb Compromiso Ciudadano por Cartagena\u00bb en la Registradur\u00eda Nacional del Estado Civil.<\/p>\n<p>\u00abMi compromiso es con Cartagena, porque mi ciudad se merece un verdadero cambio donde seamos todos tenidos en cuenta y no donde se beneficien unos pocos\u00bb asegur\u00f3 la hoy candidata.<\/p>\n<p>Entre sus propuestas est\u00e1 mejorar la calidad de todos los cartageneros a trav\u00e9s de empleos y apoyos a microempresarios, adem\u00e1s de trabajar fuertemente en contra de la inseguridad que vive nuestra ciudad.<\/p>\n<p>\u00abCartagena ya est\u00e1 cansada de los malos manejos en su administraci\u00f3n y me comprometo a trabajar de una forma transparente por el beneficio de mi ciudad, que hoy se encuentra sumida en la miseria\u00bb afirm\u00f3 Fad\u00fal.<\/p>\n<p>La candidata invit\u00f3 a todos los cartageneros a sumarse a este proyecto que busca el cambio que Cartagena necesita.<\/p>\n<p>&nbsp;<\/p>\n","protected":false},"excerpt":{"rendered":"<p>Acompa\u00f1ada de amigos, familiares y simpatizantes, Claudia Fadul inscribi\u00f3 su candidatura a la Alcald\u00eda de Cartagena por el movimiento independiente \u00bb Compromiso Ciudadano por Cartagena\u00bb en la Registradur\u00eda Nacional del Estado Civil. \u00abMi compromiso es con Cartagena, porque mi ciudad se merece un verdadero cambio donde seamos todos tenidos en cuenta y no donde se beneficien unos pocos\u00bb asegur\u00f3 la hoy candidata. Entre sus propuestas est\u00e1 mejorar la calidad de todos los cartageneros a trav\u00e9s de empleos y apoyos a microempresarios, adem\u00e1s de trabajar fuertemente en contra de la inseguridad&#8230; <\/p>\n","protected":false},"author":3,"featured_media":31134,"comment_status":"open","ping_status":"closed","sticky":false,"template":"","format":"standard","meta":{"footnotes":"","_links_to":"","_links_to_target":""},"categories":[75,4],"tags":[],"class_list":["post-31133","post","type-post","status-publish","format-standard","has-post-thumbnail","hentry","category-destacada","category-politica"],"_links":{"self":[{"href":"https:\/\/revistazetta.com\/index.php?rest_route=\/wp\/v2\/posts\/31133","targetHints":{"allow":["GET"]}}],"collection":[{"href":"https:\/\/revistazetta.com\/index.php?rest_route=\/wp\/v2\/posts"}],"about":[{"href":"https:\/\/revistazetta.com\/index.php?rest_route=\/wp\/v2\/types\/post"}],"author":[{"embeddable":true,"href":"https:\/\/revistazetta.com\/index.php?rest_route=\/wp\/v2\/users\/3"}],"replies":[{"embeddable":true,"href":"https:\/\/revistazetta.com\/index.php?rest_route=%2Fwp%2Fv2%2Fcomments&post=31133"}],"version-history":[{"count":0,"href":"https:\/\/revistazetta.com\/index.php?rest_route=\/wp\/v2\/posts\/31133\/revisions"}],"wp:featuredmedia":[{"embeddable":true,"href":"https:\/\/revistazetta.com\/index.php?rest_route=\/wp\/v2\/media\/31134"}],"wp:attachment":[{"href":"https:\/\/revistazetta.com\/index.php?rest_route=%2Fwp%2Fv2%2Fmedia&parent=31133"}],"wp:term":[{"taxonomy":"category","embeddable":true,"href":"https:\/\/revistazetta.com\/index.php?rest_route=%2Fwp%2Fv2%2Fcategories&post=31133"},{"taxonomy":"post_tag","embeddable":true,"href":"https:\/\/revistazetta.com\/index.php?rest_route=%2Fwp%2Fv2%2Ftags&post=31133"}],"curies":[{"name":"wp","href":"https:\/\/api.w.org\/{rel}","templated":true}]}}