{"id":31135,"date":"2019-07-25T16:34:29","date_gmt":"2019-07-25T21:34:29","guid":{"rendered":"http:\/\/www.revistazetta.com\/?p=31135"},"modified":"2019-07-25T17:44:40","modified_gmt":"2019-07-25T22:44:40","slug":"yolanda-trabajara-doble-alcaldia-parecera-8-anos","status":"publish","type":"post","link":"https:\/\/revistazetta.com\/?p=31135","title":{"rendered":"Yolanda trabajar\u00e1 el doble y su Alcald\u00eda parecer\u00e1 de 8 a\u00f1os"},"content":{"rendered":"<blockquote><p><strong>Masivo acompa\u00f1amiento de ciudadanos a la inscripci\u00f3n de la candidata a la Alcald\u00eda Mayor de Cartagena para el periodo 2020-2023.<\/strong><\/p><\/blockquote>\n<p><img loading=\"lazy\" decoding=\"async\" class=\"size-medium wp-image-31138 alignright\" src=\"https:\/\/www.revistazetta.com\/wp-content\/uploads\/2019\/07\/Wong-ins-2-300x200.jpg\" alt=\"\" width=\"300\" height=\"200\" srcset=\"https:\/\/revistazetta.com\/wp-content\/uploads\/2019\/07\/Wong-ins-2-300x200.jpg 300w, https:\/\/revistazetta.com\/wp-content\/uploads\/2019\/07\/Wong-ins-2-1024x683.jpg 1024w, https:\/\/revistazetta.com\/wp-content\/uploads\/2019\/07\/Wong-ins-2-219x146.jpg 219w, https:\/\/revistazetta.com\/wp-content\/uploads\/2019\/07\/Wong-ins-2-50x33.jpg 50w, https:\/\/revistazetta.com\/wp-content\/uploads\/2019\/07\/Wong-ins-2-113x75.jpg 113w, https:\/\/revistazetta.com\/wp-content\/uploads\/2019\/07\/Wong-ins-2.jpg 1200w\" sizes=\"auto, (max-width: 300px) 100vw, 300px\" \/>Con una colorida caminata que arranc\u00f3 en el barrio Pie de la Popa, reuniendo a todas las fuerzas vivas de Cartagena, lideres, talentos de barrio, empresarios, pol\u00edticos, gestores culturales, deportistas, m\u00fasicos y acompa\u00f1ada de sus familiares y amigos, Yolanda Wong Baldiris lleg\u00f3 a la sede de la Registradur\u00eda Nacional a inscribir su candidatura a la Alcald\u00eda de Cartagena.<\/p>\n<p>La candidata avalada por el partido de la U, inici\u00f3 este jueves en el Centro de Convenciones con la presentaci\u00f3n a los ciudadanos cartageneros de su plan de gobierno denominado \u201cCartagena Incluyente y Segura\u201d, donde propone 5 ejes: pueblo, territorio, gobierno, econom\u00eda y cultura.<\/p>\n<p>\u201cS\u00ed seremos una administraci\u00f3n de 4 a\u00f1os, pero parecer\u00e1 de 8 porque trabajaremos el doble, 24\/7 como ya est\u00e1n acostumbrados a verme\u201d, dijo en medio de su emotivo discurso.<\/p>\n<p>Wong Baldiris tiene 43 a\u00f1os, es nacida y criada en el tradicional barrio Blas de Lezo, es especialista en derecho p\u00fablico, magister en derecho contractual p\u00fablico y privado, y actualmente es candidata a doctora en derecho.<\/p>\n<p>\u201cSomos una sociedad multicultural y eso, cr\u00e9anmelo, es nuestra m\u00e1s grande fortaleza. La identidad cartagenera nos muestra unas comunidades privilegiadas con una gran creatividad. Por eso, la econom\u00eda naranja ser\u00e1 una estrategia que implementaremos desde la llegada al Palacio de la Aduana\u201d, se\u00f1al\u00f3 la candidata.<\/p>\n<p>La aspiraste tiene una amplia experiencia en el sector p\u00fablico, laborando en el desaparecido Instituto de los Seguros Sociales, entidad donde lleg\u00f3 a ocupar la subgerencia de la Cl\u00ednica Enrique de La Vega, fue secretaria de minas y energ\u00edas de Bol\u00edvar, directora del Fondo Territorial de Pensiones de Bol\u00edvar, directora de la Escuela de Gobierno y Liderazgo del Distrito de Cartagena, secretaria del Interior y convivencia ciudadana de la Alcald\u00eda Mayor y alcaldesa encargada en el a\u00f1o 2018.<\/p>\n<p>Asimismo, Yolanda Wong Baldiris fue candidata a la Gobernaci\u00f3n de Bol\u00edvar en las elecciones del 2015 donde alcanz\u00f3 350 mil votos, de los cuales 122 mil fueron en la capital de Bol\u00edvar.<\/p>\n<p>\u201cNuestros artistas, artesanos, gestores culturales, cuenteros, grupos de danza, teatreros, poetas, escritores, todos los talentos de barrio ser\u00e1n parte de una Cartagena incluyente y segura. Quiero que sepan los grupos vulnerables, las poblaciones de especial protecci\u00f3n, que son mi mayor inspiraci\u00f3n\u201d, asegur\u00f3 Wong Baldiris.<\/p>\n<p>Es de resaltar que la candidata construy\u00f3 su propuesta de gobierno escuchando a las comunidades en encuentros como la Olla Popular, Un tinto con, Gestas Program\u00e1ticas, Mov\u00e1monos, y sus acostumbradas maratones de hasta 40 horas en los barrios.<\/p>\n<p>\u201cQuiero decirles hoy con vehemencia y convicci\u00f3n, que decid\u00ed enfrentar los obst\u00e1culos, decid\u00ed luchar, porque nosotros, ustedes y yo, representamos la fuerza de Cartagena\u201d, concluy\u00f3.<\/p>\n<p><img loading=\"lazy\" decoding=\"async\" class=\"aligncenter wp-image-31137 size-large\" src=\"https:\/\/www.revistazetta.com\/wp-content\/uploads\/2019\/07\/Wong-ins-1-1024x646.jpg\" alt=\"\" width=\"1024\" height=\"646\" srcset=\"https:\/\/revistazetta.com\/wp-content\/uploads\/2019\/07\/Wong-ins-1-1024x646.jpg 1024w, https:\/\/revistazetta.com\/wp-content\/uploads\/2019\/07\/Wong-ins-1-300x189.jpg 300w, https:\/\/revistazetta.com\/wp-content\/uploads\/2019\/07\/Wong-ins-1-231x146.jpg 231w, https:\/\/revistazetta.com\/wp-content\/uploads\/2019\/07\/Wong-ins-1-50x32.jpg 50w, https:\/\/revistazetta.com\/wp-content\/uploads\/2019\/07\/Wong-ins-1-119x75.jpg 119w, https:\/\/revistazetta.com\/wp-content\/uploads\/2019\/07\/Wong-ins-1.jpg 1122w\" sizes=\"auto, (max-width: 1024px) 100vw, 1024px\" \/><\/p>\n","protected":false},"excerpt":{"rendered":"<p>Masivo acompa\u00f1amiento de ciudadanos a la inscripci\u00f3n de la candidata a la Alcald\u00eda Mayor de Cartagena para el periodo 2020-2023. Con una colorida caminata que arranc\u00f3 en el barrio Pie de la Popa, reuniendo a todas las fuerzas vivas de Cartagena, lideres, talentos de barrio, empresarios, pol\u00edticos, gestores culturales, deportistas, m\u00fasicos y acompa\u00f1ada de sus familiares y amigos, Yolanda Wong Baldiris lleg\u00f3 a la sede de la Registradur\u00eda Nacional a inscribir su candidatura a la Alcald\u00eda de Cartagena. La candidata avalada por el partido de la U, inici\u00f3 este jueves&#8230; <\/p>\n","protected":false},"author":3,"featured_media":31136,"comment_status":"open","ping_status":"closed","sticky":false,"template":"","format":"standard","meta":{"footnotes":"","_links_to":"","_links_to_target":""},"categories":[75,4],"tags":[],"class_list":["post-31135","post","type-post","status-publish","format-standard","has-post-thumbnail","hentry","category-destacada","category-politica"],"_links":{"self":[{"href":"https:\/\/revistazetta.com\/index.php?rest_route=\/wp\/v2\/posts\/31135","targetHints":{"allow":["GET"]}}],"collection":[{"href":"https:\/\/revistazetta.com\/index.php?rest_route=\/wp\/v2\/posts"}],"about":[{"href":"https:\/\/revistazetta.com\/index.php?rest_route=\/wp\/v2\/types\/post"}],"author":[{"embeddable":true,"href":"https:\/\/revistazetta.com\/index.php?rest_route=\/wp\/v2\/users\/3"}],"replies":[{"embeddable":true,"href":"https:\/\/revistazetta.com\/index.php?rest_route=%2Fwp%2Fv2%2Fcomments&post=31135"}],"version-history":[{"count":0,"href":"https:\/\/revistazetta.com\/index.php?rest_route=\/wp\/v2\/posts\/31135\/revisions"}],"wp:featuredmedia":[{"embeddable":true,"href":"https:\/\/revistazetta.com\/index.php?rest_route=\/wp\/v2\/media\/31136"}],"wp:attachment":[{"href":"https:\/\/revistazetta.com\/index.php?rest_route=%2Fwp%2Fv2%2Fmedia&parent=31135"}],"wp:term":[{"taxonomy":"category","embeddable":true,"href":"https:\/\/revistazetta.com\/index.php?rest_route=%2Fwp%2Fv2%2Fcategories&post=31135"},{"taxonomy":"post_tag","embeddable":true,"href":"https:\/\/revistazetta.com\/index.php?rest_route=%2Fwp%2Fv2%2Ftags&post=31135"}],"curies":[{"name":"wp","href":"https:\/\/api.w.org\/{rel}","templated":true}]}}