{"id":31139,"date":"2019-07-25T17:02:02","date_gmt":"2019-07-25T22:02:02","guid":{"rendered":"http:\/\/www.revistazetta.com\/?p=31139"},"modified":"2019-07-25T17:11:58","modified_gmt":"2019-07-25T22:11:58","slug":"blel-abraza-mas-fuerzas-liberal-la-u-asi-centro-democratico","status":"publish","type":"post","link":"https:\/\/revistazetta.com\/?p=31139","title":{"rendered":"Blel abraza m\u00e1s fuerzas: Liberal, La U, ASI y Centro Democr\u00e1tico"},"content":{"rendered":"<p>Un acuerdo de coalici\u00f3n para respaldar la candidatura conservadora de Vicente Blel Scaff a la Gobernaci\u00f3n de Bol\u00edvar, \u00a0suscribieron los jefes de los partidos Liberal, de la U, ASI y Centro Democr\u00e1tico.<\/p>\n<p>El acuerdo lo suscribieron Omar Yepes Alzate, por el partido Conservador; C\u00e9sar Gaviria Trujillo, por el partido Li9beral; Sor Berenice Bedoya P\u00e9rez, por el partido Alianza social Independiente ASI, \u00c1lvaro Echeverry Londo\u00f1o, por el partido de la U, y Nubia Stella Mart\u00ednez, por el partido Centro Democr\u00e1tico.<\/p>\n<p>El acuerdo program\u00e1tico es un respaldo al programa de gobierno \u00abBol\u00edvar Primero\u00bb, y contempla una rendici\u00f3n p\u00fablica de cuentas sobre los recursos que requieran para la campa\u00f1a, dentro de los par\u00e1metros legales.<\/p>\n<p>Esta acuerdo en la pr\u00e1ctica significa la uni\u00f3n de dos sectores conservadores en Bol\u00edvar: por un parte, la casa Blel, que tiene a la senadora Nadia bel y al representante Yamil Arana; y la Casa Montes, que tiene al representante Emeterio Montes; de igual forma, el partido Liberal representado en las fuerzas del senador Lidio Garc\u00eda Turbay, actual presidente del Senado; \u00a0de la Casa Garc\u00eda, representada por el senador Andr\u00e9s Felipe Garc\u00eda Zuccardi, \u00a0y el representante Alonso Del R\u00edo Cabarcas, quien acat\u00f3 la disciplina del partido; del uribismo representado por el senador Fernando Nicol\u00e1s Ara\u00fajo, y del partido ASI en Bol\u00edvar.<\/p>\n<p>&nbsp;<\/p>\n<div data-url=\"https:\/\/issuu.com\/revistazetta\/docs\/nuevo_doc_2019-07-25_16.05.44_20190\" style=\"width: 500px; height: 354px;\" class=\"issuuembed\"><\/div>\n<p><script type=\"text\/javascript\" src=\"\/\/e.issuu.com\/embed.js\" async=\"true\"><\/script><\/p>\n<p>&nbsp;<\/p>\n","protected":false},"excerpt":{"rendered":"<p>Un acuerdo de coalici\u00f3n para respaldar la candidatura conservadora de Vicente Blel Scaff a la Gobernaci\u00f3n de Bol\u00edvar, \u00a0suscribieron los jefes de los partidos Liberal, de la U, ASI y Centro Democr\u00e1tico. El acuerdo lo suscribieron Omar Yepes Alzate, por el partido Conservador; C\u00e9sar Gaviria Trujillo, por el partido Li9beral; Sor Berenice Bedoya P\u00e9rez, por el partido Alianza social Independiente ASI, \u00c1lvaro Echeverry Londo\u00f1o, por el partido de la U, y Nubia Stella Mart\u00ednez, por el partido Centro Democr\u00e1tico. El acuerdo program\u00e1tico es un respaldo al programa de gobierno \u00abBol\u00edvar&#8230; <\/p>\n","protected":false},"author":3,"featured_media":31140,"comment_status":"open","ping_status":"closed","sticky":false,"template":"","format":"standard","meta":{"footnotes":"","_links_to":"","_links_to_target":""},"categories":[75,4],"tags":[],"class_list":["post-31139","post","type-post","status-publish","format-standard","has-post-thumbnail","hentry","category-destacada","category-politica"],"_links":{"self":[{"href":"https:\/\/revistazetta.com\/index.php?rest_route=\/wp\/v2\/posts\/31139","targetHints":{"allow":["GET"]}}],"collection":[{"href":"https:\/\/revistazetta.com\/index.php?rest_route=\/wp\/v2\/posts"}],"about":[{"href":"https:\/\/revistazetta.com\/index.php?rest_route=\/wp\/v2\/types\/post"}],"author":[{"embeddable":true,"href":"https:\/\/revistazetta.com\/index.php?rest_route=\/wp\/v2\/users\/3"}],"replies":[{"embeddable":true,"href":"https:\/\/revistazetta.com\/index.php?rest_route=%2Fwp%2Fv2%2Fcomments&post=31139"}],"version-history":[{"count":0,"href":"https:\/\/revistazetta.com\/index.php?rest_route=\/wp\/v2\/posts\/31139\/revisions"}],"wp:featuredmedia":[{"embeddable":true,"href":"https:\/\/revistazetta.com\/index.php?rest_route=\/wp\/v2\/media\/31140"}],"wp:attachment":[{"href":"https:\/\/revistazetta.com\/index.php?rest_route=%2Fwp%2Fv2%2Fmedia&parent=31139"}],"wp:term":[{"taxonomy":"category","embeddable":true,"href":"https:\/\/revistazetta.com\/index.php?rest_route=%2Fwp%2Fv2%2Fcategories&post=31139"},{"taxonomy":"post_tag","embeddable":true,"href":"https:\/\/revistazetta.com\/index.php?rest_route=%2Fwp%2Fv2%2Ftags&post=31139"}],"curies":[{"name":"wp","href":"https:\/\/api.w.org\/{rel}","templated":true}]}}