{"id":31148,"date":"2019-07-25T17:59:16","date_gmt":"2019-07-25T22:59:16","guid":{"rendered":"http:\/\/www.revistazetta.com\/?p=31148"},"modified":"2019-07-25T17:59:16","modified_gmt":"2019-07-25T22:59:16","slug":"luis-daniel-vargas-se-inscribio-candidato-la-gobernacion","status":"publish","type":"post","link":"https:\/\/revistazetta.com\/?p=31148","title":{"rendered":"Luis Daniel Vargas se inscribi\u00f3 como candidato a la Gobernaci\u00f3n"},"content":{"rendered":"<p>Con el aval del partido Colombia Renaciente, el abogado Luis Daniel Vargas S\u00e1nchez se inscribi\u00f3 ante la Registradur\u00eda como candidato a la gobernaci\u00f3n de Bol\u00edvar.<\/p>\n<p>\u00abSeguimos avanzando con la bendici\u00f3n De Dios, por un Bol\u00edvar sobresaliente, nuestro compromiso es con la gente\u00bb, dijo luego del acto de inscripci\u00f3n.<\/p>\n<p>Vargas milit\u00f3 durante 40 a\u00f1os en el partido Liberal, y renunci\u00f3 a la militancia al confirmarse el hecho pol\u00edtico que esa colectividad no conceder\u00eda aval para Gobernaci\u00f3n.<\/p>\n","protected":false},"excerpt":{"rendered":"<p>Con el aval del partido Colombia Renaciente, el abogado Luis Daniel Vargas S\u00e1nchez se inscribi\u00f3 ante la Registradur\u00eda como candidato a la gobernaci\u00f3n de Bol\u00edvar. \u00abSeguimos avanzando con la bendici\u00f3n De Dios, por un Bol\u00edvar sobresaliente, nuestro compromiso es con la gente\u00bb, dijo luego del acto de inscripci\u00f3n. Vargas milit\u00f3 durante 40 a\u00f1os en el partido Liberal, y renunci\u00f3 a la militancia al confirmarse el hecho pol\u00edtico que esa colectividad no conceder\u00eda aval para Gobernaci\u00f3n.<\/p>\n","protected":false},"author":3,"featured_media":31149,"comment_status":"open","ping_status":"closed","sticky":false,"template":"","format":"standard","meta":{"footnotes":"","_links_to":"","_links_to_target":""},"categories":[4],"tags":[],"class_list":["post-31148","post","type-post","status-publish","format-standard","has-post-thumbnail","hentry","category-politica"],"_links":{"self":[{"href":"https:\/\/revistazetta.com\/index.php?rest_route=\/wp\/v2\/posts\/31148","targetHints":{"allow":["GET"]}}],"collection":[{"href":"https:\/\/revistazetta.com\/index.php?rest_route=\/wp\/v2\/posts"}],"about":[{"href":"https:\/\/revistazetta.com\/index.php?rest_route=\/wp\/v2\/types\/post"}],"author":[{"embeddable":true,"href":"https:\/\/revistazetta.com\/index.php?rest_route=\/wp\/v2\/users\/3"}],"replies":[{"embeddable":true,"href":"https:\/\/revistazetta.com\/index.php?rest_route=%2Fwp%2Fv2%2Fcomments&post=31148"}],"version-history":[{"count":0,"href":"https:\/\/revistazetta.com\/index.php?rest_route=\/wp\/v2\/posts\/31148\/revisions"}],"wp:featuredmedia":[{"embeddable":true,"href":"https:\/\/revistazetta.com\/index.php?rest_route=\/wp\/v2\/media\/31149"}],"wp:attachment":[{"href":"https:\/\/revistazetta.com\/index.php?rest_route=%2Fwp%2Fv2%2Fmedia&parent=31148"}],"wp:term":[{"taxonomy":"category","embeddable":true,"href":"https:\/\/revistazetta.com\/index.php?rest_route=%2Fwp%2Fv2%2Fcategories&post=31148"},{"taxonomy":"post_tag","embeddable":true,"href":"https:\/\/revistazetta.com\/index.php?rest_route=%2Fwp%2Fv2%2Ftags&post=31148"}],"curies":[{"name":"wp","href":"https:\/\/api.w.org\/{rel}","templated":true}]}}