{"id":31295,"date":"2019-08-04T04:49:13","date_gmt":"2019-08-04T09:49:13","guid":{"rendered":"http:\/\/www.revistazetta.com\/?p=31295"},"modified":"2019-08-04T04:49:13","modified_gmt":"2019-08-04T09:49:13","slug":"cumbre-maritima-mundial-cartagena-174-paises","status":"publish","type":"post","link":"https:\/\/revistazetta.com\/?p=31295","title":{"rendered":"Cumbre Mar\u00edtima Mundial en Cartagena, con 174 pa\u00edses"},"content":{"rendered":"<p>Colombia ser\u00e1 sede por primera vez de la Cumbre Mar\u00edtima Mundial, promovida por la Organizaci\u00f3n Mar\u00edtima Internacional -OIM- en la que, por tres d\u00edas 174 pa\u00edses a trav\u00e9s de sus delegaciones fomentar\u00e1n el empoderamiento de la mujer.<\/p>\n<p>Sobre esto, el director de la Direcci\u00f3n General Mar\u00edtima (DIMAR), vicealmirante Juan Manuel Soltau Ospina, indic\u00f3 a Efe \u00abnos sentimos muy orgullosos y vamos a hacer una gran celebraci\u00f3n con el lema &#8216;empoderando a la mujer en la comunidad mar\u00edtima&#8217;. Por ello se elige a Colombia, por sus caracter\u00edsticas de desarrollo mar\u00edtimo\u00bb.<\/p>\n<p>Soltau Ospina adem\u00e1s se\u00f1al\u00f3 que, Colombia fue propuesta como sede en 2014 pero solo hasta ahora fue seleccionado debido al desarrollo y capacidad en el sector mar\u00edtimo.<\/p>\n<p>El evento de talla mundial se llevar\u00e1 a cabo del 15 al 17 de septiembre en Cartagena, donde, pa\u00edses como Nigeria, Chile, Brasil, Argentina, Francia y Espa\u00f1a participar\u00e1n en los dos escenarios de la cumbre.<\/p>\n<p>La primera actividad ser\u00e1 una feria mar\u00edtima en la que 42 empresas del sector, tanto de Colombia como de otras partes del mundo, podr\u00e1n ofrecer sus servicios y productos lo que dejar\u00e1 ver avances en como Nigeria, Chile, Brasil, Argentina, Francia y Espa\u00f1a<\/p>\n<p>Pero no solo ser\u00e1 un evento del \u00e1mbito mar\u00edtimo sino que el escenario ser\u00e1 aprovechado para hablar del \u00abimpacto de la mujer en la comunidad mar\u00edtima\u00bb.<\/p>\n<p>\u00abHay un espacio importante para que m\u00e1s mujeres est\u00e9n en el mar, para que m\u00e1s mujeres participen en las operaciones a bordo y tengamos m\u00e1s marineros, oficiales y capitanes\u00bb, agreg\u00f3 Soltau.<\/p>\n<p>El militar manifest\u00f3 que, el objetivo de hablar sobre el importante papel de la mujer en la sociedad responde a una apuesta de la OIM por aportar al desarrollo sostenible n\u00famero cinco de las Naciones Unidas que se enfoca en la igualdad de g\u00e9nero.<\/p>\n<p>La jornada contar\u00e1 con la presencia del presidente Iv\u00e1n Duque, la vicepresidenta, Marta Luc\u00eda Ram\u00edrez, y el ministro de Defensa, Guillermo Botero, entre otros.<\/p>\n<p>\u00abEs muy importante este evento porque nos permite conocer todos los detalles: C\u00f3mo podr\u00edamos mejorar como pa\u00eds, como organizaciones y c\u00f3mo estamos para que los nuestros tengan mayor empleo, tengan mayor inversi\u00f3n en temas econ\u00f3micos y podamos tener una agenda legislativa la cual construyamos para mejorar la competitividad del pa\u00eds\u00bb, concluy\u00f3 la vicepresidenta, Marta Luc\u00eda Ram\u00edrez, y el ministro de Defensa, Guillermo Botero, entre otros.<\/p>\n<p>&nbsp;<\/p>\n","protected":false},"excerpt":{"rendered":"<p>Colombia ser\u00e1 sede por primera vez de la Cumbre Mar\u00edtima Mundial, promovida por la Organizaci\u00f3n Mar\u00edtima Internacional -OIM- en la que, por tres d\u00edas 174 pa\u00edses a trav\u00e9s de sus delegaciones fomentar\u00e1n el empoderamiento de la mujer. Sobre esto, el director de la Direcci\u00f3n General Mar\u00edtima (DIMAR), vicealmirante Juan Manuel Soltau Ospina, indic\u00f3 a Efe \u00abnos sentimos muy orgullosos y vamos a hacer una gran celebraci\u00f3n con el lema &#8216;empoderando a la mujer en la comunidad mar\u00edtima&#8217;. Por ello se elige a Colombia, por sus caracter\u00edsticas de desarrollo mar\u00edtimo\u00bb. Soltau&#8230; <\/p>\n","protected":false},"author":3,"featured_media":31296,"comment_status":"open","ping_status":"closed","sticky":false,"template":"","format":"standard","meta":{"footnotes":"","_links_to":"","_links_to_target":""},"categories":[75,3,52],"tags":[],"class_list":["post-31295","post","type-post","status-publish","format-standard","has-post-thumbnail","hentry","category-destacada","category-ciudad","category-puerto"],"_links":{"self":[{"href":"https:\/\/revistazetta.com\/index.php?rest_route=\/wp\/v2\/posts\/31295","targetHints":{"allow":["GET"]}}],"collection":[{"href":"https:\/\/revistazetta.com\/index.php?rest_route=\/wp\/v2\/posts"}],"about":[{"href":"https:\/\/revistazetta.com\/index.php?rest_route=\/wp\/v2\/types\/post"}],"author":[{"embeddable":true,"href":"https:\/\/revistazetta.com\/index.php?rest_route=\/wp\/v2\/users\/3"}],"replies":[{"embeddable":true,"href":"https:\/\/revistazetta.com\/index.php?rest_route=%2Fwp%2Fv2%2Fcomments&post=31295"}],"version-history":[{"count":0,"href":"https:\/\/revistazetta.com\/index.php?rest_route=\/wp\/v2\/posts\/31295\/revisions"}],"wp:featuredmedia":[{"embeddable":true,"href":"https:\/\/revistazetta.com\/index.php?rest_route=\/wp\/v2\/media\/31296"}],"wp:attachment":[{"href":"https:\/\/revistazetta.com\/index.php?rest_route=%2Fwp%2Fv2%2Fmedia&parent=31295"}],"wp:term":[{"taxonomy":"category","embeddable":true,"href":"https:\/\/revistazetta.com\/index.php?rest_route=%2Fwp%2Fv2%2Fcategories&post=31295"},{"taxonomy":"post_tag","embeddable":true,"href":"https:\/\/revistazetta.com\/index.php?rest_route=%2Fwp%2Fv2%2Ftags&post=31295"}],"curies":[{"name":"wp","href":"https:\/\/api.w.org\/{rel}","templated":true}]}}