{"id":31297,"date":"2019-08-04T05:55:24","date_gmt":"2019-08-04T10:55:24","guid":{"rendered":"http:\/\/www.revistazetta.com\/?p=31297"},"modified":"2019-08-04T06:08:37","modified_gmt":"2019-08-04T11:08:37","slug":"senadora-sandra-ortiz","status":"publish","type":"post","link":"https:\/\/revistazetta.com\/?p=31297","title":{"rendered":"\u201cA mi senadora Sandra Ortiz\u2026\u201d"},"content":{"rendered":"<p>La tormenta interna es el estado natural del partido Alianza Verde en Cartagena.<\/p>\n<p>Se comprob\u00f3 en el convulsionado caso de la ahora candidata al Concejo Judith D\u00edaz Ag\u00e1mez, y pas\u00f3 con en los no menos sarandeados casos de Saray Aguas y Ang\u00e9lica Hodeg, am\u00e9n de las refriegas internas que algunos tratan con el eufemismo de \u201cdial\u00e9ctica natural de la discusi\u00f3n pol\u00edtica\u201d.<\/p>\n<p>En los casos de Aguas y Hodeg, los verdes les han concedido aval para luego sacarlas a sombrerazos. A Saray le impidieron presentarse a la reelecci\u00f3n como concejal, y a Ang\u00e9lica la expulsaron, pero no les alcanz\u00f3 la fuerza para sacarla del Concejo, pues all\u00ed sigui\u00f3 deliberando en representaci\u00f3n de sus electores.<\/p>\n<p><img loading=\"lazy\" decoding=\"async\" class=\"wp-image-31301 size-large aligncenter\" src=\"https:\/\/www.revistazetta.com\/wp-content\/uploads\/2019\/08\/Anti-aval-verde-768x1024.jpg\" alt=\"\" width=\"768\" height=\"1024\" srcset=\"https:\/\/revistazetta.com\/wp-content\/uploads\/2019\/08\/Anti-aval-verde-768x1024.jpg 768w, https:\/\/revistazetta.com\/wp-content\/uploads\/2019\/08\/Anti-aval-verde-225x300.jpg 225w, https:\/\/revistazetta.com\/wp-content\/uploads\/2019\/08\/Anti-aval-verde-110x146.jpg 110w, https:\/\/revistazetta.com\/wp-content\/uploads\/2019\/08\/Anti-aval-verde-38x50.jpg 38w, https:\/\/revistazetta.com\/wp-content\/uploads\/2019\/08\/Anti-aval-verde-56x75.jpg 56w, https:\/\/revistazetta.com\/wp-content\/uploads\/2019\/08\/Anti-aval-verde.jpg 960w\" sizes=\"auto, (max-width: 768px) 100vw, 768px\" \/><br \/>\nLos sombrerazos ahora fueron para Judith, de parte de los integrantes de la lista al Concejo, quienes la ven como una amenaza electoral: con los votos que ellos pongan, pueden terminar eligi\u00e9ndola.<\/p>\n<p>Fabio Castellanos, Viviana Miranda, H\u00edstar Ariza, L\u00fader Ariza, Albeiro Morales, Andr\u00e9s Oviedo, Jos\u00e9 Barrios, Mitchel Villareal, Sergio Mendoza \u2013entre otros- en la carta con la que intentaron desactivar el aval a Judith D\u00edaz, denotaron que le tienen terror a su presencia:<\/p>\n<p>\u201cIntroducir\u00e1 un factor desequilibrante en la lista al Concejo toda vez que los actuales integrantes de la misma estar\u00edamos en abierta desventaja pol\u00edtica y de recursos para que se d\u00e9 una contienda sana, equilibrada, leal y democr\u00e1tica al interior de la lista, toda vez que es un hecho notorio en la ciudad la fortaleza de respaldos pol\u00edticos electorales y financieros que posee Judith D\u00edaz\u201d.<\/p>\n<p>Hace cuatro a\u00f1os, D\u00edaz apoy\u00f3 la candidatura a la Alcald\u00eda de Andr\u00e9s Betancourt y form\u00f3 parte del movimiento Cartagena Confirmas, que obtuvo una curul para el Concejo en cabeza de Ronald Fortich. Por decisi\u00f3n judicial, ella ingres\u00f3 al Concejo en su reemplazo, con salidas y reingresos al vaiv\u00e9n de los fallos. Su t\u00edo, Carlos D\u00edaz Redondo, fue alcalde de Cartagena, y gestor del movimiento Nueva Generaci\u00f3n, que es la base de su plataforma electoral.<\/p>\n<p>Con la decisi\u00f3n de seguir en la arena pol\u00edtica, deb\u00eda buscar aval para mantenerse vigente, y como todos los aspirantes, inici\u00f3 gestiones para obtener aval de partido pol\u00edtico. En el primer parcial de inscripciones no figur\u00f3 oficialmente en ninguna lista, y en la semana de modificaciones vino el bombazo: hab\u00eda sido fichada por el partido Alianza Verde, contra todos los pron\u00f3sticos.<\/p>\n<p>Ya con el aval en mano e inscripci\u00f3n formalizada, D\u00edaz Ag\u00e1mez habl\u00f3 como sabio chino, con calma y una sonrisa tenue pero imborrable. En su cuenta de Instagram escribi\u00f3:<\/p>\n<p>\u201cGracias\u2026 a mi senadora Sandra Ortiz, que cree en m\u00ed y dio todo para que este sue\u00f1o fuera realidad\u201d.<\/p>\n<p>Eso son\u00f3 como ciclista cuando gana etapa, y comienza a agradecer \u201ca mi pap\u00e1 y a mi mam\u00e1\u2026\u201d<\/p>\n<p><img loading=\"lazy\" decoding=\"async\" class=\"size-medium wp-image-31299 alignright\" src=\"https:\/\/www.revistazetta.com\/wp-content\/uploads\/2019\/08\/Judith-D\u00edaz-aval-verde-2-300x240.jpg\" alt=\"\" width=\"300\" height=\"240\" srcset=\"https:\/\/revistazetta.com\/wp-content\/uploads\/2019\/08\/Judith-D\u00edaz-aval-verde-2-300x240.jpg 300w, https:\/\/revistazetta.com\/wp-content\/uploads\/2019\/08\/Judith-D\u00edaz-aval-verde-2-183x146.jpg 183w, https:\/\/revistazetta.com\/wp-content\/uploads\/2019\/08\/Judith-D\u00edaz-aval-verde-2-50x40.jpg 50w, https:\/\/revistazetta.com\/wp-content\/uploads\/2019\/08\/Judith-D\u00edaz-aval-verde-2-94x75.jpg 94w, https:\/\/revistazetta.com\/wp-content\/uploads\/2019\/08\/Judith-D\u00edaz-aval-verde-2.jpg 800w\" sizes=\"auto, (max-width: 300px) 100vw, 300px\" \/>Al igual que pas\u00f3 con Fabio Am\u00edn en el partido Liberal para meter a Katia Mendoza Saleme en contra de toda la lista al Concejo, por esta v\u00eda supimos qui\u00e9n fue la poderosa madrina que prohij\u00f3 a D\u00edaz y derrot\u00f3 a vacas sagradas verdes como Ang\u00e9lica Lozano, Antonio Sanguino o Jaime Navarro Wolf.<\/p>\n<p>Con la \u201cmadrina\u201d estaba Juan Luis C\u00f3rdoba (hijo de la chavista Piedad C\u00f3rdoba), Carlos Ram\u00f3n Gonz\u00e1lez, Ang\u00e9lica Mar\u00edn y Jorge Guevara, del Directorio Nacional.<\/p>\n<p>Sandra Ortiz es una senadora cuyo nombre por primera vez se menciona en Cartagena y Bol\u00edvar, es decir, nunca ha tenido ning\u00fan v\u00ednculo con la ciudad y el departamento, y no se sabe de d\u00f3nde viene la cercan\u00eda y favoritismo con D\u00edaz Ag\u00e1mez.<\/p>\n<p>En sus agradecimientos p\u00fablicos se puede apreciar qui\u00e9nes est\u00e1n a su favor en Cartagena para que se instale con votos y una potencial curul: \u201cAl Directorio Departamental Rainer, Erlin, Federico, Carlos M; a las candidatas y comisi\u00f3n de igualdad de g\u00e9nero Inilse Mercado y Ruby Fortich\u2026\u201d. D\u00edaz ocupa ahora el n\u00famero 11, que originalmente estaba en cabeza de Ang\u00e9lica Gonz\u00e1lez.<\/p>\n<p>\u00bfY ahora, qui\u00e9n podr\u00e1 defendernos? Parece ser la pregunta de los candidatos al Concejo, a quienes les quedan dos armas: la primera, las urnas. Derrotarla. La segunda, cobrarle el transfuguismo, pues le enrostran que antes de pensar en Verde, D\u00edaz Ag\u00e1mez hizo todos los tr\u00e1mites formales de militancia en el partido ASI para solicitar aval y ser candidata por esa colectividad al Concejo.<\/p>\n<p>En efecto, cuando se conoci\u00f3 un borrador de lista a Concejo de ASI, all\u00ed figuraba el nombre de Judith D\u00edaz, a quien no le habr\u00eda agradado ni el n\u00famero que le asignaron ni el trato recibido. Aunque ella nunca confirm\u00f3 nada en p\u00fablico, dirigentes de ASI si comentaron que hubo conversaciones y que hubo disparidades.<\/p>\n<p>En la sonada carta hay dos aspectos, por dem\u00e1s, graves: uno, cuando se\u00f1alan que esta conducta \u00abpuede convertirse en la estocada final al Partido, localmente, y darle soporte real a los detractores del Partido que manifiestan que el Verde en Cartagena es un Partido de Avales\u00bb.<\/p>\n<p>Y la parte final: \u00abpuede producir un sismo interno (\u00bfotro?, preguntamos) de incalculables repercusiones\u00bb.<\/p>\n<p>Es evidente que seguir\u00e1 la tormenta en un partido con una alta deuda con Cartagena.<\/p>\n<p>&nbsp;<\/p>\n","protected":false},"excerpt":{"rendered":"<p>La tormenta interna es el estado natural del partido Alianza Verde en Cartagena. Se comprob\u00f3 en el convulsionado caso de la ahora candidata al Concejo Judith D\u00edaz Ag\u00e1mez, y pas\u00f3 con en los no menos sarandeados casos de Saray Aguas y Ang\u00e9lica Hodeg, am\u00e9n de las refriegas internas que algunos tratan con el eufemismo de \u201cdial\u00e9ctica natural de la discusi\u00f3n pol\u00edtica\u201d. En los casos de Aguas y Hodeg, los verdes les han concedido aval para luego sacarlas a sombrerazos. A Saray le impidieron presentarse a la reelecci\u00f3n como concejal, y&#8230; <\/p>\n","protected":false},"author":3,"featured_media":31298,"comment_status":"open","ping_status":"closed","sticky":false,"template":"","format":"standard","meta":{"footnotes":"","_links_to":"","_links_to_target":""},"categories":[75,4],"tags":[],"class_list":["post-31297","post","type-post","status-publish","format-standard","has-post-thumbnail","hentry","category-destacada","category-politica"],"_links":{"self":[{"href":"https:\/\/revistazetta.com\/index.php?rest_route=\/wp\/v2\/posts\/31297","targetHints":{"allow":["GET"]}}],"collection":[{"href":"https:\/\/revistazetta.com\/index.php?rest_route=\/wp\/v2\/posts"}],"about":[{"href":"https:\/\/revistazetta.com\/index.php?rest_route=\/wp\/v2\/types\/post"}],"author":[{"embeddable":true,"href":"https:\/\/revistazetta.com\/index.php?rest_route=\/wp\/v2\/users\/3"}],"replies":[{"embeddable":true,"href":"https:\/\/revistazetta.com\/index.php?rest_route=%2Fwp%2Fv2%2Fcomments&post=31297"}],"version-history":[{"count":0,"href":"https:\/\/revistazetta.com\/index.php?rest_route=\/wp\/v2\/posts\/31297\/revisions"}],"wp:featuredmedia":[{"embeddable":true,"href":"https:\/\/revistazetta.com\/index.php?rest_route=\/wp\/v2\/media\/31298"}],"wp:attachment":[{"href":"https:\/\/revistazetta.com\/index.php?rest_route=%2Fwp%2Fv2%2Fmedia&parent=31297"}],"wp:term":[{"taxonomy":"category","embeddable":true,"href":"https:\/\/revistazetta.com\/index.php?rest_route=%2Fwp%2Fv2%2Fcategories&post=31297"},{"taxonomy":"post_tag","embeddable":true,"href":"https:\/\/revistazetta.com\/index.php?rest_route=%2Fwp%2Fv2%2Ftags&post=31297"}],"curies":[{"name":"wp","href":"https:\/\/api.w.org\/{rel}","templated":true}]}}