{"id":31313,"date":"2019-08-05T08:03:29","date_gmt":"2019-08-05T13:03:29","guid":{"rendered":"http:\/\/www.revistazetta.com\/?p=31313"},"modified":"2019-08-05T08:03:29","modified_gmt":"2019-08-05T13:03:29","slug":"30-horas-la-fuerza-yolanda-wong-recorrio-localidad-2","status":"publish","type":"post","link":"https:\/\/revistazetta.com\/?p=31313","title":{"rendered":"Por 30 horas, la Fuerza de Yolanda Wong recorri\u00f3 Localidad 2"},"content":{"rendered":"<p>Culminaron las #30horasContigo en la Localidad 2 en la que la candidata a la Alcald\u00eda Mayor de Cartagena, Yolanda Wong Baldiris, recorri\u00f3 los diferentes barrios que conforman la Localidad de la Virgen y Tur\u00edstica.<\/p>\n<p>La jornada inici\u00f3 con una oraci\u00f3n el s\u00e1bado a las 9 de la ma\u00f1ana en las afueras del estadio 11 de noviembre, luego la candidata recorri\u00f3 en compa\u00f1\u00eda de diferentes deportistas la Villa Ol\u00edmpica, posteriormente, comparti\u00f3 varias Ollas Populares con vecinos del sector Las Delicias del barrio La Esperanza, y en el sector El Cielo conoci\u00f3 de cerca la problematica que padecen con el servicio de agua potable.<\/p>\n<p><img loading=\"lazy\" decoding=\"async\" class=\"size-medium wp-image-31315 alignright\" src=\"https:\/\/www.revistazetta.com\/wp-content\/uploads\/2019\/08\/YW-fuerza-2-300x194.jpg\" alt=\"\" width=\"300\" height=\"194\" srcset=\"https:\/\/revistazetta.com\/wp-content\/uploads\/2019\/08\/YW-fuerza-2-300x194.jpg 300w, https:\/\/revistazetta.com\/wp-content\/uploads\/2019\/08\/YW-fuerza-2-1024x662.jpg 1024w, https:\/\/revistazetta.com\/wp-content\/uploads\/2019\/08\/YW-fuerza-2-226x146.jpg 226w, https:\/\/revistazetta.com\/wp-content\/uploads\/2019\/08\/YW-fuerza-2-50x32.jpg 50w, https:\/\/revistazetta.com\/wp-content\/uploads\/2019\/08\/YW-fuerza-2-116x75.jpg 116w, https:\/\/revistazetta.com\/wp-content\/uploads\/2019\/08\/YW-fuerza-2.jpg 1280w\" sizes=\"auto, (max-width: 300px) 100vw, 300px\" \/>La Fuerza de Cartagena tambi\u00e9n estuvo en el barrio Portales de Alicante, donde j\u00f3venes ofrecieron un festival gastron\u00f3mico, luego Wong Baldiris estuvo haciendo un recorrido por el sector de El Amparo donde dialog\u00f3 con taxistas del sector sobre movilidad, seguridad e hizo un recorrido en uno de los veh\u00edculos de servicio p\u00fablico hasta el barrio Villas de la Candelaria donde sostuvo un encuentro con personal que trabaja en el sector de seguridad.<\/p>\n<p>La ma\u00f1ana de este domingo inici\u00f3 con una jornada de limpieza en el barrio Fredonia, seguido estuvo en Chapacua con ni\u00f1os y ni\u00f1as, en una actividad l\u00fadica de rescate de valores y tradiciones.<\/p>\n<p>A mediod\u00eda, la candidata se reuni\u00f3n con j\u00f3venes en el sector de los Alpes, posteriormente lleg\u00f3 a los sectores El Terrapl\u00e9n y 1 de mayo en El Poz\u00f3n donde comparti\u00f3 en varias Ollas Populares, finalizando estas #30HorasContigo en un encuentro de Talentos de Barrios en la cancha 1 de mayo de esta comunidad.<\/p>\n<p><img loading=\"lazy\" decoding=\"async\" class=\"alignnone size-medium wp-image-31314\" src=\"https:\/\/www.revistazetta.com\/wp-content\/uploads\/2019\/08\/YW-fuerza-1-300x200.jpg\" alt=\"\" width=\"300\" height=\"200\" srcset=\"https:\/\/revistazetta.com\/wp-content\/uploads\/2019\/08\/YW-fuerza-1-300x200.jpg 300w, https:\/\/revistazetta.com\/wp-content\/uploads\/2019\/08\/YW-fuerza-1-1024x682.jpg 1024w, https:\/\/revistazetta.com\/wp-content\/uploads\/2019\/08\/YW-fuerza-1-219x146.jpg 219w, https:\/\/revistazetta.com\/wp-content\/uploads\/2019\/08\/YW-fuerza-1-50x33.jpg 50w, https:\/\/revistazetta.com\/wp-content\/uploads\/2019\/08\/YW-fuerza-1-113x75.jpg 113w, https:\/\/revistazetta.com\/wp-content\/uploads\/2019\/08\/YW-fuerza-1.jpg 1280w\" sizes=\"auto, (max-width: 300px) 100vw, 300px\" \/><\/p>\n<p>&nbsp;<\/p>\n<p><img loading=\"lazy\" decoding=\"async\" class=\"alignnone size-medium wp-image-31316\" src=\"https:\/\/www.revistazetta.com\/wp-content\/uploads\/2019\/08\/YW-fuerza-3-300x200.jpg\" alt=\"\" width=\"300\" height=\"200\" srcset=\"https:\/\/revistazetta.com\/wp-content\/uploads\/2019\/08\/YW-fuerza-3-300x200.jpg 300w, https:\/\/revistazetta.com\/wp-content\/uploads\/2019\/08\/YW-fuerza-3-1024x683.jpg 1024w, https:\/\/revistazetta.com\/wp-content\/uploads\/2019\/08\/YW-fuerza-3-219x146.jpg 219w, https:\/\/revistazetta.com\/wp-content\/uploads\/2019\/08\/YW-fuerza-3-50x33.jpg 50w, https:\/\/revistazetta.com\/wp-content\/uploads\/2019\/08\/YW-fuerza-3-113x75.jpg 113w, https:\/\/revistazetta.com\/wp-content\/uploads\/2019\/08\/YW-fuerza-3.jpg 1200w\" sizes=\"auto, (max-width: 300px) 100vw, 300px\" \/><\/p>\n<p>&nbsp;<\/p>\n","protected":false},"excerpt":{"rendered":"<p>Culminaron las #30horasContigo en la Localidad 2 en la que la candidata a la Alcald\u00eda Mayor de Cartagena, Yolanda Wong Baldiris, recorri\u00f3 los diferentes barrios que conforman la Localidad de la Virgen y Tur\u00edstica. La jornada inici\u00f3 con una oraci\u00f3n el s\u00e1bado a las 9 de la ma\u00f1ana en las afueras del estadio 11 de noviembre, luego la candidata recorri\u00f3 en compa\u00f1\u00eda de diferentes deportistas la Villa Ol\u00edmpica, posteriormente, comparti\u00f3 varias Ollas Populares con vecinos del sector Las Delicias del barrio La Esperanza, y en el sector El Cielo conoci\u00f3&#8230; <\/p>\n","protected":false},"author":3,"featured_media":31317,"comment_status":"open","ping_status":"closed","sticky":false,"template":"","format":"standard","meta":{"footnotes":"","_links_to":"","_links_to_target":""},"categories":[75,4],"tags":[],"class_list":["post-31313","post","type-post","status-publish","format-standard","has-post-thumbnail","hentry","category-destacada","category-politica"],"_links":{"self":[{"href":"https:\/\/revistazetta.com\/index.php?rest_route=\/wp\/v2\/posts\/31313","targetHints":{"allow":["GET"]}}],"collection":[{"href":"https:\/\/revistazetta.com\/index.php?rest_route=\/wp\/v2\/posts"}],"about":[{"href":"https:\/\/revistazetta.com\/index.php?rest_route=\/wp\/v2\/types\/post"}],"author":[{"embeddable":true,"href":"https:\/\/revistazetta.com\/index.php?rest_route=\/wp\/v2\/users\/3"}],"replies":[{"embeddable":true,"href":"https:\/\/revistazetta.com\/index.php?rest_route=%2Fwp%2Fv2%2Fcomments&post=31313"}],"version-history":[{"count":0,"href":"https:\/\/revistazetta.com\/index.php?rest_route=\/wp\/v2\/posts\/31313\/revisions"}],"wp:featuredmedia":[{"embeddable":true,"href":"https:\/\/revistazetta.com\/index.php?rest_route=\/wp\/v2\/media\/31317"}],"wp:attachment":[{"href":"https:\/\/revistazetta.com\/index.php?rest_route=%2Fwp%2Fv2%2Fmedia&parent=31313"}],"wp:term":[{"taxonomy":"category","embeddable":true,"href":"https:\/\/revistazetta.com\/index.php?rest_route=%2Fwp%2Fv2%2Fcategories&post=31313"},{"taxonomy":"post_tag","embeddable":true,"href":"https:\/\/revistazetta.com\/index.php?rest_route=%2Fwp%2Fv2%2Ftags&post=31313"}],"curies":[{"name":"wp","href":"https:\/\/api.w.org\/{rel}","templated":true}]}}