{"id":31318,"date":"2019-08-06T08:47:41","date_gmt":"2019-08-06T13:47:41","guid":{"rendered":"http:\/\/www.revistazetta.com\/?p=31318"},"modified":"2019-08-06T08:47:41","modified_gmt":"2019-08-06T13:47:41","slug":"frente-presente-carlos-feliz-refuerza-blel-gobernacion","status":"publish","type":"post","link":"https:\/\/revistazetta.com\/?p=31318","title":{"rendered":"De frente y presente, Carlos F\u00e9liz refuerza a Blel para Gobernaci\u00f3n"},"content":{"rendered":"<p>Despu\u00e9s de demostrar su adhesi\u00f3n en Mompox, Carlos F\u00e9liz ratific\u00f3 su respaldo a Vicente Blel Scaff como candidato a la Gobernaci\u00f3n de Bol\u00edvar.<\/p>\n<p>F\u00e9liz estuvo intentando obtener aval del partido de la U, colectividad que termin\u00f3 coagulando a Blel Scaff, por lo que decidi\u00f3 reorientar sus objetivos pol\u00edticos. En materia de Gobernaci\u00f3n con Blel, para Asamblea Departamental con Jorge Rodr\u00edguez Sosa, para Concejo de Cartagena con \u00d3scar Mar\u00edn Villalba. Para Alcald\u00eda de Cartagena est\u00e1 cerca de anunciar decisi\u00f3n.<\/p>\n<p>Para Vicente Blel este apoyo es tan significativo que le otorg\u00f3 una posici\u00f3n especial a Calvos F\u00e9liz dentro de su campa\u00f1a.<\/p>\n<p>Mar\u00edn Villalba, por su parte, le dio la bienvenida a lo que denomina la \u00abfamilia marxista\u00bb y afianz\u00f3 con este respaldo su aspiraci\u00f3n de reafirmar su curul en el Concejo de Cartagena.<\/p>\n","protected":false},"excerpt":{"rendered":"<p>Despu\u00e9s de demostrar su adhesi\u00f3n en Mompox, Carlos F\u00e9liz ratific\u00f3 su respaldo a Vicente Blel Scaff como candidato a la Gobernaci\u00f3n de Bol\u00edvar. F\u00e9liz estuvo intentando obtener aval del partido de la U, colectividad que termin\u00f3 coagulando a Blel Scaff, por lo que decidi\u00f3 reorientar sus objetivos pol\u00edticos. En materia de Gobernaci\u00f3n con Blel, para Asamblea Departamental con Jorge Rodr\u00edguez Sosa, para Concejo de Cartagena con \u00d3scar Mar\u00edn Villalba. Para Alcald\u00eda de Cartagena est\u00e1 cerca de anunciar decisi\u00f3n. Para Vicente Blel este apoyo es tan significativo que le otorg\u00f3 una&#8230; <\/p>\n","protected":false},"author":3,"featured_media":31319,"comment_status":"open","ping_status":"closed","sticky":false,"template":"","format":"standard","meta":{"footnotes":"","_links_to":"","_links_to_target":""},"categories":[75,4],"tags":[],"class_list":["post-31318","post","type-post","status-publish","format-standard","has-post-thumbnail","hentry","category-destacada","category-politica"],"_links":{"self":[{"href":"https:\/\/revistazetta.com\/index.php?rest_route=\/wp\/v2\/posts\/31318","targetHints":{"allow":["GET"]}}],"collection":[{"href":"https:\/\/revistazetta.com\/index.php?rest_route=\/wp\/v2\/posts"}],"about":[{"href":"https:\/\/revistazetta.com\/index.php?rest_route=\/wp\/v2\/types\/post"}],"author":[{"embeddable":true,"href":"https:\/\/revistazetta.com\/index.php?rest_route=\/wp\/v2\/users\/3"}],"replies":[{"embeddable":true,"href":"https:\/\/revistazetta.com\/index.php?rest_route=%2Fwp%2Fv2%2Fcomments&post=31318"}],"version-history":[{"count":0,"href":"https:\/\/revistazetta.com\/index.php?rest_route=\/wp\/v2\/posts\/31318\/revisions"}],"wp:featuredmedia":[{"embeddable":true,"href":"https:\/\/revistazetta.com\/index.php?rest_route=\/wp\/v2\/media\/31319"}],"wp:attachment":[{"href":"https:\/\/revistazetta.com\/index.php?rest_route=%2Fwp%2Fv2%2Fmedia&parent=31318"}],"wp:term":[{"taxonomy":"category","embeddable":true,"href":"https:\/\/revistazetta.com\/index.php?rest_route=%2Fwp%2Fv2%2Fcategories&post=31318"},{"taxonomy":"post_tag","embeddable":true,"href":"https:\/\/revistazetta.com\/index.php?rest_route=%2Fwp%2Fv2%2Ftags&post=31318"}],"curies":[{"name":"wp","href":"https:\/\/api.w.org\/{rel}","templated":true}]}}