{"id":31324,"date":"2019-08-06T15:45:31","date_gmt":"2019-08-06T20:45:31","guid":{"rendered":"http:\/\/www.revistazetta.com\/?p=31324"},"modified":"2019-08-06T15:45:31","modified_gmt":"2019-08-06T20:45:31","slug":"pes-no-plataforma-politica-nadie-director","status":"publish","type":"post","link":"https:\/\/revistazetta.com\/?p=31324","title":{"rendered":"\u00abEl PES no es plataforma pol\u00edtica de nadie\u201d: Director"},"content":{"rendered":"<p>Este martes, el Plan de Emergencia Social (PES-PR) realiz\u00f3 una jornada de afiliaci\u00f3n en salud en el barrio La Esperanza, sector Las Delicias, logrando que 98 cartageneros pudieran acceder al Sistema General de Seguridad Social en Salud, correspondiente a la EPS que cada quien libremente eligi\u00f3.<br \/>\nLa nota \u00ababurridora\u00bb de esta jornada la constituy\u00f3 la publicaci\u00f3n que hiciera un candidato a la Junta Administradora Local de la localidad 2, en sus redes sociales.<br \/>\nEn efecto, el se\u00f1or al parecer lleg\u00f3 an\u00f3nimamente y se hizo \u00abuna selfie\u00bb registrando su presencia en la actividad. \u201cEs justo reconocer que no hizo alusi\u00f3n a su aspiraci\u00f3n y simplemente registr\u00f3 la actividad sin comentarios adicionales. Una vez enterados de la publicaci\u00f3n llamamos al presidente de la Junta de Acci\u00f3n Comunal del barrio, Henry Navas Col\u00f3n, quien nos confirm\u00f3 telef\u00f3nicamente que en su momento no se not\u00f3 la acci\u00f3n del candidato y tampoco hubo alteraci\u00f3n alguna en el normal desarrollo de la actividad. Igualmente, el presidente fue enf\u00e1tico en se\u00f1alar que no hubo mensaje, sugerencia o insinuaci\u00f3n de parte de nadie del PES que se relacionara con intenci\u00f3n pol\u00edtica alguna. Incluso, el inicio de la jornada tuvo un breve retraso en raz\u00f3n a que en el sitio a desarrollarse el evento hab\u00eda algunos afiches pegados y hasta tanto no se desmontaron no arranc\u00f3 nuestra actividad\u201d, dijo Javier Posada Meola, director del PES.<br \/>\nIndic\u00f3 que este tipo de situaciones son muy aburridoras. \u201cEntendemos que no est\u00e1 claramente probada que hubiera una falta por parte del candidato, pero no dejan de incomodar esos \u2018espacios grises\u2019 entre la publicaci\u00f3n de la actividad y la interpretaci\u00f3n que cada ciudadano pudiera hacer de la misma\u201d, precis\u00f3 Posada.<br \/>\n\u201cAprovechamos esta coyuntura para insistir que todas nuestras actividades est\u00e1n desprovistas de inter\u00e9s electorero alguno y le solicitamos encarecidamente a todos los candidatos actuar de la manera m\u00e1s responsable y cuidadosa posible en aras de proteger la confianza ciudadana y respetar la institucionalidad del Plan de Emergencia Social Pedro Romero\u201d, recalc\u00f3 el funcionario.<br \/>\nA\u00f1adi\u00f3: \u201cNo vamos a detener nuestras actividades, las comunidades m\u00e1s vulnerables requieren nuestra presencia y all\u00ed estaremos. Vamos a redoblar los cuidados y las publicaciones insistiendo en nuestra neutralidad pol\u00edtica. As\u00ed mismo continuaremos oficiando semanalmente a la Procuradur\u00eda el cronograma de nuestras actividades para que en ejercicio del Control Preventivo nos acompa\u00f1e cuando lo considere oportuno\u201d, remat\u00f3 Posada Meola.<\/p>\n","protected":false},"excerpt":{"rendered":"<p>Este martes, el Plan de Emergencia Social (PES-PR) realiz\u00f3 una jornada de afiliaci\u00f3n en salud en el barrio La Esperanza, sector Las Delicias, logrando que 98 cartageneros pudieran acceder al Sistema General de Seguridad Social en Salud, correspondiente a la EPS que cada quien libremente eligi\u00f3. La nota \u00ababurridora\u00bb de esta jornada la constituy\u00f3 la publicaci\u00f3n que hiciera un candidato a la Junta Administradora Local de la localidad 2, en sus redes sociales. En efecto, el se\u00f1or al parecer lleg\u00f3 an\u00f3nimamente y se hizo \u00abuna selfie\u00bb registrando su presencia en&#8230; <\/p>\n","protected":false},"author":3,"featured_media":31325,"comment_status":"open","ping_status":"closed","sticky":false,"template":"","format":"standard","meta":{"footnotes":"","_links_to":"","_links_to_target":""},"categories":[75,86,32],"tags":[],"class_list":["post-31324","post","type-post","status-publish","format-standard","has-post-thumbnail","hentry","category-destacada","category-comunidad","category-actualidad-distrito"],"_links":{"self":[{"href":"https:\/\/revistazetta.com\/index.php?rest_route=\/wp\/v2\/posts\/31324","targetHints":{"allow":["GET"]}}],"collection":[{"href":"https:\/\/revistazetta.com\/index.php?rest_route=\/wp\/v2\/posts"}],"about":[{"href":"https:\/\/revistazetta.com\/index.php?rest_route=\/wp\/v2\/types\/post"}],"author":[{"embeddable":true,"href":"https:\/\/revistazetta.com\/index.php?rest_route=\/wp\/v2\/users\/3"}],"replies":[{"embeddable":true,"href":"https:\/\/revistazetta.com\/index.php?rest_route=%2Fwp%2Fv2%2Fcomments&post=31324"}],"version-history":[{"count":0,"href":"https:\/\/revistazetta.com\/index.php?rest_route=\/wp\/v2\/posts\/31324\/revisions"}],"wp:featuredmedia":[{"embeddable":true,"href":"https:\/\/revistazetta.com\/index.php?rest_route=\/wp\/v2\/media\/31325"}],"wp:attachment":[{"href":"https:\/\/revistazetta.com\/index.php?rest_route=%2Fwp%2Fv2%2Fmedia&parent=31324"}],"wp:term":[{"taxonomy":"category","embeddable":true,"href":"https:\/\/revistazetta.com\/index.php?rest_route=%2Fwp%2Fv2%2Fcategories&post=31324"},{"taxonomy":"post_tag","embeddable":true,"href":"https:\/\/revistazetta.com\/index.php?rest_route=%2Fwp%2Fv2%2Ftags&post=31324"}],"curies":[{"name":"wp","href":"https:\/\/api.w.org\/{rel}","templated":true}]}}