{"id":31326,"date":"2019-08-06T15:57:02","date_gmt":"2019-08-06T20:57:02","guid":{"rendered":"http:\/\/www.revistazetta.com\/?p=31326"},"modified":"2019-08-06T15:58:45","modified_gmt":"2019-08-06T20:58:45","slug":"presidente-del-senado-plantea-gran-acuerdo-nacional","status":"publish","type":"post","link":"https:\/\/revistazetta.com\/?p=31326","title":{"rendered":"Presidente del Senado, Lidio Garc\u00eda, plantea gran acuerdo nacional"},"content":{"rendered":"<p>Desde el emblem\u00e1tico Monumento a los Lanceros del Pantano de Vargas, el presidente del Congreso, Lidio Garc\u00eda Turbay, propuso a los senadores de todos los partidos y movimientos un gran acuerdo nacional que \u00abpermita decidir, principalmente, sobre el pa\u00eds de ma\u00f1ana\u00bb.<\/p>\n<p>\u00abUn acuerdo que nos lleve, primero, a una gran reflexi\u00f3n sobre el modelo econ\u00f3mico, democr\u00e1tico, social, jurisdiccional y cultural que tenemos, y nos permita dise\u00f1ar, luego, el que har\u00eda falta para entregar a las nuevas generaciones un pa\u00eds a la altura de los desaf\u00edos que nos dejaron los padres de la patria\u00bb, manifest\u00f3.<\/p>\n<p>As\u00ed lo se\u00f1al\u00f3 al presidir la sesi\u00f3n solemne de la plenaria del Senado en conmemoraci\u00f3n del bicentenario de la campa\u00f1a libertadora, en sobrio acto memorable que se cumpli\u00f3 en este escenario que fue crucial en la justa libertadora de 1819: la batalla del Pantano de Vargas.<\/p>\n<p>Dirigiendo la mirada a sus compa\u00f1eros de corporaci\u00f3n les dijo: \u00abLo que les estoy proponiendo no es un proceso de cuatro o cinco a\u00f1os, sino un acuerdo para cuatro o cinco d\u00e9cadas, que tenga ascendencia sobre los gobiernos que en ese per\u00edodo escojamos, de manera que lleguen a administrar discrecionalmente lo que pactamos los colombianos\u00bb.<\/p>\n<p>Complement\u00f3 su propuesta al indicar: \u00abLes hablo de un plan de desarrollo de largo plazo, que se fije metas ambiciosas para lograr tasas de crecimiento sostenidas, erradicar la pobreza, volver la ciencia un h\u00e1bito nacional, crear una sociedad plenamente educada, y garantizar el progreso y el ascenso igualitario\u00bb.<\/p>\n<p>En su iniciativa encaminada a \u00absalvar otra vez la Patria\u00bb revel\u00f3 que la idea es constituir unas mesas de trabajo con todos los actores: dirigentes pol\u00edticos, empresarios, cient\u00edficos, funcionarios de gobierno, acad\u00e9micos, trabajadores, oficiales de las fuerzas armadas, gobiernos, hacedores culturales, l\u00edderes sociales, comunales y religiosos, \u00abpara que en un t\u00e9rmino no mayor a un a\u00f1o, tengamos propuestas congruentes con una nueva gran naci\u00f3n\u00bb.<\/p>\n<p>En otro de los apartes de su intervenci\u00f3n y teniendo como marco natural los campos de Boyac\u00e1, manifest\u00f3: \u00abLo que hoy estamos conmemorando no es un acontecimiento hist\u00f3rico, sino el hecho m\u00e1s importante de toda nuestra historia republicana. Con un ej\u00e9rcito libertador, menguado y casi abatido, sellamos en estas tierras, hace dos siglos, la independencia definitiva de nuestra Patria\u00bb.<\/p>\n<p>\u00abFue necesario, para ello, que Bol\u00edvar y sus lanceros vencieran a las numerosas tropas realistas en el Pantano de Vargas, y que luego repitieran la haza\u00f1a en la gran Batalla de Boyac\u00e1. Por eso estamos aqu\u00ed, con el coraz\u00f3n henchido de gratitud, para rendirle homenaje a todos los que nos hicieron posible como naci\u00f3n\u00bb, se\u00f1al\u00f3 al invocar esa gesta libertadora.<\/p>\n<p><strong>Homenaje a los h\u00e9roes<\/strong><\/p>\n<p>A rengl\u00f3n seguido fue enf\u00e1tico en manifestar: \u00abHoy en esta sesi\u00f3n solemne de la celebraci\u00f3n del Bicentenario de nuestra independencia, el Senado de la Rep\u00fablica, rinde honor a nuestros h\u00e9roes y en efecto, se inclina ante Sim\u00f3n Bol\u00edvar, Francisco de Paula Santander, Jos\u00e9 Antonio Anzo\u00e1tegui, Carlos Soublette, Joaqu\u00edn Par\u00eds Ricaurte, Lucas Carvajal, Antonio Obando, James Rooke y Juan Jos\u00e9 Rend\u00f3n, el hijo de esclavos libertos que recibi\u00f3 la ag\u00f3nica instrucci\u00f3n del libertador de \u00absalvar la patria\u00bb, cuando todo parec\u00eda perdido en el Pantano\u00bb.<\/p>\n<p>\u00abAtr\u00e1s quedaban 300 a\u00f1os de una colonizaci\u00f3n que, si bien nos dej\u00f3 legados, tambi\u00e9n nos someti\u00f3 como sociedad naciente. Con el pundonor de nuestros valientes, despedimos un r\u00e9gimen de terror, que hab\u00eda perpetuado persecuci\u00f3n y muerte\u00bb, precis\u00f3.<\/p>\n<p>Record\u00f3 que en Colombia se fraguaron alrededor de 30 guerras civiles, mientras se buscaba el rumbo republicano. \u00abHoy, no obstante haber pactado la paz, que m\u00e1s que un acuerdo con unas organizaciones guerrilleras debi\u00f3 significar una actitud nacional, llevamos 196 l\u00edderes asesinados y 1.358 amenazados. Los soci\u00f3logos sostienen que la sociedad ve nacer un l\u00edder cada 50 a\u00f1os, nosotros matamos uno cada tres d\u00edas\u00bb.<\/p>\n<p>Tambi\u00e9n hizo un rendido homenaje a los criollos, mulatos, mestizos, zambos, ind\u00edgenas y negros -campesinos o esclavos en su inmensa mayor\u00eda- que \u00abcon 850 fusiles, 650 lanzas y ocho machetes, demostraron que las guerras no siempre se ganan por el poder de los imperios, sino por la voluntad poderosa de los sometidos\u00bb.<\/p>\n<p>Mencion\u00f3 a las mujeres de G\u00e1meza, que se quitaron sus enaguas para abrigar a los hombres que bajaban semidesnudos del p\u00e1ramo de Pisba; para Pedro Pascasio Mart\u00ednez y el Negro Jos\u00e9, los ni\u00f1os-soldados que capturaron a Jos\u00e9 Mar\u00eda Barreiro, no obstante a los intentos de soborno del general espa\u00f1ol.<\/p>\n<p>Su ven\u00eda tambi\u00e9n fue para la ni\u00f1a Matilde Anaray y \u00ablas dem\u00e1s nodrizas de la libertad, que cedieron sus ropas a los soldados, en Socha; para las mujeres de los lanceros de Arauca y Casanare, que animaron a sus maridos a emprender la lucha que era de ellas y de ellos; para los h\u00e9roes de la batalla de las Termopilas de Paya, que marcaron el rumbo victorioso de una empresa que entonces dejaba de ser incierta\u00bb.<\/p>\n<p>Hizo una menci\u00f3n para Antonia Santos y Cleotilde Escobar de Ni\u00f1o, las hero\u00ednas de la campa\u00f1a libertadora, que avivaron la batalla o le dieron consuelo a los heridos; para los 300 m\u00e1rtires de Charal\u00e1, Santander, que con sus vidas detuvieron la marcha de los refuerzos que habr\u00edan marcado otro rumbo en el r\u00edo Teatinos.<\/p>\n<p>\u00abComo los combatientes de Boyac\u00e1, llegaban a las guerras, reducidos por las condiciones clim\u00e1ticas, por la adversidad de las derrotas e, incluso, por las limitaciones del armamento que portaban. Pero ten\u00edan un prop\u00f3sito claro, y lo alimentaban con la convicci\u00f3n personal, la decisi\u00f3n de sus l\u00edderes y el consentimiento de unas familias que present\u00edan que un d\u00eda lo lograr\u00edamos\u00bb, dijo.<\/p>\n<p>Seguidamente precis\u00f3: \u00abEs probable que tuvi\u00e9semos diferencias en las estrategias. Los historiadores dicen que por andar en rencillas ideol\u00f3gicas, equivocamos muchas veces los caminos y se los facilitamos al enemigo. Pero el amor por la libertad, siempre nos junt\u00f3. Hoy, cuando celebramos 200 a\u00f1os de aquella proeza, echamos de menos el \u00edmpetu, porque de repente nos falta una nueva comuni\u00f3n\u00bb.<\/p>\n<p><strong>Retos descomunales<\/strong><\/p>\n<p>\u00abEs verdad que la independencia nos plante\u00f3 retos descomunales para los que, hay que reconocerlo, no est\u00e1bamos preparados. Los l\u00edderes de la \u00e9poca tuvieron que crear instituciones que no conoc\u00edan y gerenciar procesos pol\u00edticos sin la debida formaci\u00f3n. Para colmo de desaf\u00edos, tuvieron que reconstruir las ciudades que fueron teatro de guerra, sin contar con los presupuestos debidos. De la noche a la ma\u00f1ana, los esclavos y los s\u00fabditos, se convirtieron en ciudadanos, lo que les deba un rol proactivo sin saber exactamente para qu\u00e9\u00bb, expres\u00f3 en desarroll\u00f3 de ese acto especial que har\u00e1 parte de la historia del Senado.<\/p>\n<p>En otro de los apartes de su intervenci\u00f3n manifest\u00f3: \u00abLo que no pudieron evitar es que, desde entonces, lo que imperara entre nosotros fuera la divisi\u00f3n. Cuando no fuimos bolivarianos y santanderistas, fuimos centralistas y federalistas, o liberales y conservadores o de izquierda o de derecha, o Dios, patria y familia&#8230; y Legalidad, libertad y fraternidad. \u00a1La muerte de Sim\u00f3n Jos\u00e9 Antonio de la Sant\u00edsima Trinidad, no contribuy\u00f3 para que cesaran los partidos! Las diferencias no fueran tan preocupantes, si no marcaran derroteros an\u00e1rquicos\u00bb.<\/p>\n<p>\u00abEn toda sociedad civilizada, por dem\u00e1s, la Constituci\u00f3n Pol\u00edtica es el marco perfecto del acuerdo. Ah\u00ed se consigna el derrotero pol\u00edtico, econ\u00f3mico, social y cultural de la naci\u00f3n, y los consensos para coexistir y mirar al futuro\u00bb, dijo.<\/p>\n<p>Agreg\u00f3 a lo anterior: \u00abB\u00e9lgica, que tuvo su independencia apenas once a\u00f1os despu\u00e9s que nosotros, ha hecho una reforma constitucional cada 14 a\u00f1os; en Colombia, desde 1886, hemos tenido una cada 14 meses. A la sola Carta Pol\u00edtica de 1991, considerada una de las m\u00e1s progresistas del mundo, le hemos hecho unas 50 reformas\u00bb.<\/p>\n<p>En los minutos finales de su intervenci\u00f3n subray\u00f3: \u00abQue este monumento de los Lanceros del Pantano de Vargas, que representa el coraje, el pundonor y la devoci\u00f3n patri\u00f3tica, sea testigo en este Bicentenario, de un acto de contrici\u00f3n, que nos conduzca a todos por una mejor naci\u00f3n. Que entendamos, en fin, que es tiempo de perd\u00f3n, de reconciliaci\u00f3n y de integraci\u00f3n, lo cual significa -nada m\u00e1s y nada menos- volver al principio que alent\u00f3 a nuestros patriotas, cuando todo faltaba, menos la fuerza indestructible del amor por nuestra patria\u00bb.<\/p>\n","protected":false},"excerpt":{"rendered":"<p>Desde el emblem\u00e1tico Monumento a los Lanceros del Pantano de Vargas, el presidente del Congreso, Lidio Garc\u00eda Turbay, propuso a los senadores de todos los partidos y movimientos un gran acuerdo nacional que \u00abpermita decidir, principalmente, sobre el pa\u00eds de ma\u00f1ana\u00bb. \u00abUn acuerdo que nos lleve, primero, a una gran reflexi\u00f3n sobre el modelo econ\u00f3mico, democr\u00e1tico, social, jurisdiccional y cultural que tenemos, y nos permita dise\u00f1ar, luego, el que har\u00eda falta para entregar a las nuevas generaciones un pa\u00eds a la altura de los desaf\u00edos que nos dejaron los padres&#8230; <\/p>\n","protected":false},"author":3,"featured_media":31327,"comment_status":"open","ping_status":"closed","sticky":false,"template":"","format":"standard","meta":{"footnotes":"","_links_to":"","_links_to_target":""},"categories":[75,4],"tags":[],"class_list":["post-31326","post","type-post","status-publish","format-standard","has-post-thumbnail","hentry","category-destacada","category-politica"],"_links":{"self":[{"href":"https:\/\/revistazetta.com\/index.php?rest_route=\/wp\/v2\/posts\/31326","targetHints":{"allow":["GET"]}}],"collection":[{"href":"https:\/\/revistazetta.com\/index.php?rest_route=\/wp\/v2\/posts"}],"about":[{"href":"https:\/\/revistazetta.com\/index.php?rest_route=\/wp\/v2\/types\/post"}],"author":[{"embeddable":true,"href":"https:\/\/revistazetta.com\/index.php?rest_route=\/wp\/v2\/users\/3"}],"replies":[{"embeddable":true,"href":"https:\/\/revistazetta.com\/index.php?rest_route=%2Fwp%2Fv2%2Fcomments&post=31326"}],"version-history":[{"count":0,"href":"https:\/\/revistazetta.com\/index.php?rest_route=\/wp\/v2\/posts\/31326\/revisions"}],"wp:featuredmedia":[{"embeddable":true,"href":"https:\/\/revistazetta.com\/index.php?rest_route=\/wp\/v2\/media\/31327"}],"wp:attachment":[{"href":"https:\/\/revistazetta.com\/index.php?rest_route=%2Fwp%2Fv2%2Fmedia&parent=31326"}],"wp:term":[{"taxonomy":"category","embeddable":true,"href":"https:\/\/revistazetta.com\/index.php?rest_route=%2Fwp%2Fv2%2Fcategories&post=31326"},{"taxonomy":"post_tag","embeddable":true,"href":"https:\/\/revistazetta.com\/index.php?rest_route=%2Fwp%2Fv2%2Ftags&post=31326"}],"curies":[{"name":"wp","href":"https:\/\/api.w.org\/{rel}","templated":true}]}}