{"id":31329,"date":"2019-08-06T16:09:10","date_gmt":"2019-08-06T21:09:10","guid":{"rendered":"http:\/\/www.revistazetta.com\/?p=31329"},"modified":"2019-08-06T16:09:10","modified_gmt":"2019-08-06T21:09:10","slug":"comunidad-jaime-hernandez-recuperaron-parque-san-fernando","status":"publish","type":"post","link":"https:\/\/revistazetta.com\/?p=31329","title":{"rendered":"Comunidad y Jaime Hern\u00e1ndez recuperaron parque de San Fernando"},"content":{"rendered":"<p>Jaime Hernandez Am\u00edn, junto con la comunidad de San Fernando, hicieron una jornada en la que el objetivo era recuperar uno de los lugares de esparcimiento de la comunidad, el parque de ese barrio.<br \/>\nDurante todo el d\u00eda se realizaron actividades como recolectar basura, arrancar maleza, pintar los juegos, todo con el fin de darle color a esta zona de recreaci\u00f3n, para que los ni\u00f1os y ni\u00f1as puedan tener m\u00e1s que un espacio bonito, un lugar seguro para divertirse.<br \/>\nLa idea de la campa\u00f1a es siempre dar el buen ejemplo, as\u00ed se empodera a la ciudadan\u00eda para que aprenda a cuidar sus cosas, su entorno y el medio ambiente. As\u00ed se logra que cada vez m\u00e1s, se vayan recuperando las zonas comunitarias de los barrios, para que todos tengan un lugar donde pasar su tiempo de una manera segura.<\/p>\n<p><img loading=\"lazy\" decoding=\"async\" class=\"alignnone size-medium wp-image-31331\" src=\"https:\/\/www.revistazetta.com\/wp-content\/uploads\/2019\/08\/PHOTO-2019-08-06-16-04-15-300x188.jpg\" alt=\"\" width=\"300\" height=\"188\" srcset=\"https:\/\/revistazetta.com\/wp-content\/uploads\/2019\/08\/PHOTO-2019-08-06-16-04-15-300x188.jpg 300w, https:\/\/revistazetta.com\/wp-content\/uploads\/2019\/08\/PHOTO-2019-08-06-16-04-15.jpg 1024w, https:\/\/revistazetta.com\/wp-content\/uploads\/2019\/08\/PHOTO-2019-08-06-16-04-15-234x146.jpg 234w, https:\/\/revistazetta.com\/wp-content\/uploads\/2019\/08\/PHOTO-2019-08-06-16-04-15-50x31.jpg 50w, https:\/\/revistazetta.com\/wp-content\/uploads\/2019\/08\/PHOTO-2019-08-06-16-04-15-120x75.jpg 120w\" sizes=\"auto, (max-width: 300px) 100vw, 300px\" \/><\/p>\n","protected":false},"excerpt":{"rendered":"<p>Jaime Hernandez Am\u00edn, junto con la comunidad de San Fernando, hicieron una jornada en la que el objetivo era recuperar uno de los lugares de esparcimiento de la comunidad, el parque de ese barrio. Durante todo el d\u00eda se realizaron actividades como recolectar basura, arrancar maleza, pintar los juegos, todo con el fin de darle color a esta zona de recreaci\u00f3n, para que los ni\u00f1os y ni\u00f1as puedan tener m\u00e1s que un espacio bonito, un lugar seguro para divertirse. La idea de la campa\u00f1a es siempre dar el buen ejemplo,&#8230; <\/p>\n","protected":false},"author":3,"featured_media":31330,"comment_status":"open","ping_status":"closed","sticky":false,"template":"","format":"standard","meta":{"footnotes":"","_links_to":"","_links_to_target":""},"categories":[75,4],"tags":[],"class_list":["post-31329","post","type-post","status-publish","format-standard","has-post-thumbnail","hentry","category-destacada","category-politica"],"_links":{"self":[{"href":"https:\/\/revistazetta.com\/index.php?rest_route=\/wp\/v2\/posts\/31329","targetHints":{"allow":["GET"]}}],"collection":[{"href":"https:\/\/revistazetta.com\/index.php?rest_route=\/wp\/v2\/posts"}],"about":[{"href":"https:\/\/revistazetta.com\/index.php?rest_route=\/wp\/v2\/types\/post"}],"author":[{"embeddable":true,"href":"https:\/\/revistazetta.com\/index.php?rest_route=\/wp\/v2\/users\/3"}],"replies":[{"embeddable":true,"href":"https:\/\/revistazetta.com\/index.php?rest_route=%2Fwp%2Fv2%2Fcomments&post=31329"}],"version-history":[{"count":0,"href":"https:\/\/revistazetta.com\/index.php?rest_route=\/wp\/v2\/posts\/31329\/revisions"}],"wp:featuredmedia":[{"embeddable":true,"href":"https:\/\/revistazetta.com\/index.php?rest_route=\/wp\/v2\/media\/31330"}],"wp:attachment":[{"href":"https:\/\/revistazetta.com\/index.php?rest_route=%2Fwp%2Fv2%2Fmedia&parent=31329"}],"wp:term":[{"taxonomy":"category","embeddable":true,"href":"https:\/\/revistazetta.com\/index.php?rest_route=%2Fwp%2Fv2%2Fcategories&post=31329"},{"taxonomy":"post_tag","embeddable":true,"href":"https:\/\/revistazetta.com\/index.php?rest_route=%2Fwp%2Fv2%2Ftags&post=31329"}],"curies":[{"name":"wp","href":"https:\/\/api.w.org\/{rel}","templated":true}]}}