{"id":31332,"date":"2019-08-06T16:32:13","date_gmt":"2019-08-06T21:32:13","guid":{"rendered":"http:\/\/www.revistazetta.com\/?p=31332"},"modified":"2019-08-06T16:32:13","modified_gmt":"2019-08-06T21:32:13","slug":"omar-zambrano-doliente-comunidad","status":"publish","type":"post","link":"https:\/\/revistazetta.com\/?p=31332","title":{"rendered":"Omar Zambrano, un doliente de su comunidad"},"content":{"rendered":"<p>Imprimir un ritmo acelerado de soluciones es el que pretende establecer en la Localidad 3, Industrial y de la Bah\u00eda, el joven dirigente\u00a0Omar de Jes\u00fas Zambrano Herrera, joven cartagenero, nacido y criado en el barrio El Socorro, quien se califica como un doliente de su comunidad.<\/p>\n<p>Trabajador y apasionado por el deporte, donde ha recibido destacados reconocimientos a nivel distrital, es un estudiante de Derecho que quiere\u00a0enfocarse en ayudar a reducir el \u00edndice de desempleo, la inseguridad , la infancia y adolescencia, adulto mayor , madres y padres cabeza de familia, la inclusi\u00f3n de la resocializaci\u00f3n de j\u00f3venes y adultos para el mejoramiento de calidad de vida. \u00abLa cultura ha sido el pilar del rescate y restablecimiento de nuestra identidad cultural e inclusi\u00f3n del programa LGTB\u00bb, dice.<\/p>\n<p>De familia humilde, sus esfuerzos lucha y dedicaci\u00f3n ha sacado adelante a su familia, viene trabajando en la implementaci\u00f3n de las llamadas unidades productivas para que se desarrollen y visibilicen microempresas y mano de obra calificada actas para la capacitaci\u00f3n laboral lo cual ayuda a mitigar la inseguridad y desempe\u00f1o que tanto afecta a nuestra localidad y que est\u00e1s sirviendo de ejemplo a toda la comunidad y sus alrededores.<\/p>\n<p>En las pasadas elecciones obtuvo una votaci\u00f3n significativa que lo catalog\u00f3 como un fuerte l\u00edder social integral de la localidad 3.<\/p>\n<p>&nbsp;<\/p>\n","protected":false},"excerpt":{"rendered":"<p>Imprimir un ritmo acelerado de soluciones es el que pretende establecer en la Localidad 3, Industrial y de la Bah\u00eda, el joven dirigente\u00a0Omar de Jes\u00fas Zambrano Herrera, joven cartagenero, nacido y criado en el barrio El Socorro, quien se califica como un doliente de su comunidad. Trabajador y apasionado por el deporte, donde ha recibido destacados reconocimientos a nivel distrital, es un estudiante de Derecho que quiere\u00a0enfocarse en ayudar a reducir el \u00edndice de desempleo, la inseguridad , la infancia y adolescencia, adulto mayor , madres y padres cabeza de&#8230; <\/p>\n","protected":false},"author":3,"featured_media":31333,"comment_status":"open","ping_status":"closed","sticky":false,"template":"","format":"standard","meta":{"footnotes":"","_links_to":"","_links_to_target":""},"categories":[4],"tags":[],"class_list":["post-31332","post","type-post","status-publish","format-standard","has-post-thumbnail","hentry","category-politica"],"_links":{"self":[{"href":"https:\/\/revistazetta.com\/index.php?rest_route=\/wp\/v2\/posts\/31332","targetHints":{"allow":["GET"]}}],"collection":[{"href":"https:\/\/revistazetta.com\/index.php?rest_route=\/wp\/v2\/posts"}],"about":[{"href":"https:\/\/revistazetta.com\/index.php?rest_route=\/wp\/v2\/types\/post"}],"author":[{"embeddable":true,"href":"https:\/\/revistazetta.com\/index.php?rest_route=\/wp\/v2\/users\/3"}],"replies":[{"embeddable":true,"href":"https:\/\/revistazetta.com\/index.php?rest_route=%2Fwp%2Fv2%2Fcomments&post=31332"}],"version-history":[{"count":0,"href":"https:\/\/revistazetta.com\/index.php?rest_route=\/wp\/v2\/posts\/31332\/revisions"}],"wp:featuredmedia":[{"embeddable":true,"href":"https:\/\/revistazetta.com\/index.php?rest_route=\/wp\/v2\/media\/31333"}],"wp:attachment":[{"href":"https:\/\/revistazetta.com\/index.php?rest_route=%2Fwp%2Fv2%2Fmedia&parent=31332"}],"wp:term":[{"taxonomy":"category","embeddable":true,"href":"https:\/\/revistazetta.com\/index.php?rest_route=%2Fwp%2Fv2%2Fcategories&post=31332"},{"taxonomy":"post_tag","embeddable":true,"href":"https:\/\/revistazetta.com\/index.php?rest_route=%2Fwp%2Fv2%2Ftags&post=31332"}],"curies":[{"name":"wp","href":"https:\/\/api.w.org\/{rel}","templated":true}]}}