{"id":31334,"date":"2019-08-06T16:38:21","date_gmt":"2019-08-06T21:38:21","guid":{"rendered":"http:\/\/www.revistazetta.com\/?p=31334"},"modified":"2019-08-06T16:38:44","modified_gmt":"2019-08-06T21:38:44","slug":"31334","status":"publish","type":"post","link":"https:\/\/revistazetta.com\/?p=31334","title":{"rendered":"Colombia celebra el 7 de Agosto de 1819"},"content":{"rendered":"<h2>\u00bfQu\u00e9 celebramos?<\/h2>\n<p>Colombia conmemora y celebra los 200 a\u00f1os de la gesta libertadora, a trav\u00e9s de la\u00a0cual se sell\u00f3 la independencia definitiva, con la victoria en la Batalla de Boyac\u00e1.\u00a0<strong>Un\u00a0<\/strong><strong>7 de agosto de 1819, el Ej\u00e9rcito Patriota derrot\u00f3 al Ej\u00e9rcito Realista de los\u00a0<\/strong><strong>conquistadores<\/strong>\u00a0y culmin\u00f3 as\u00ed un proceso que hab\u00eda iniciado el 20 de julio de 1810.<\/p>\n<p>Con el triunfo en el emblem\u00e1tico Puente de Boyac\u00e1,\u00a0<strong>se abre el camino hacia la\u00a0<\/strong><strong>constituci\u00f3n de la Rep\u00fablica, hacia la democracia, hacia el establecimiento de las\u00a0<\/strong><strong>instituciones<\/strong>\u00a0e inicia un proceso de construcci\u00f3n de Naci\u00f3n, que se ha venido\u00a0consolidando a trav\u00e9s de los a\u00f1os.<\/p>\n<h2>\u00bfC\u00f3mo fue el proceso independentista?<\/h2>\n<p>El Grito de Independencia tuvo lugar el 20 de julio de 1810, con una revuelta popular\u00a0a ra\u00edz de la negativa del pr\u00e9stamo del famoso \u201cFlorero de Llorente\u201d, por parte de los\u00a0espa\u00f1oles. La sublevaci\u00f3n de los pobladores desencaden\u00f3 la firma del Acta de\u00a0Independencia de Santaf\u00e9.\u00a0<strong>Aunque en los siguientes cinco a\u00f1os, se intent\u00f3\u00a0<\/strong><strong>constituir la primera Rep\u00fablica, en\u00a01815 comenz\u00f3 un periodo de terror y muerte, a\u00a0<\/strong><strong>ra\u00edz de la reconquista que lider\u00f3 P<\/strong><strong>ablo Morillo, general espa\u00f1ol, delegado por\u00a0<\/strong><strong>Fernando VII para mantener el dominio realista.<\/strong>\u00a0No obstante, la llama de la libertad\u00a0ya ard\u00eda en el alma de los pobladores, raz\u00f3n por la cual, en 1819 tuvo lugar la\u00a0Revoluci\u00f3n Patriota; en este a\u00f1o, despu\u00e9s de varias batallas sangrientas y\u00a0ejecuciones de campesinos, a manos de los conquistadores, se logra, finalmente,\u00a0el objetivo independentista.<\/p>\n<h2>\u00bfCu\u00e1l es el prop\u00f3sito de la conmemoraci\u00f3n?<\/h2>\n<p>En el marco del Bicentenario de la Independencia,\u00a0<strong>el pa\u00eds est\u00e1 llamado a hacer una\u00a0<\/strong><strong>introspecci\u00f3n, a realizar un balance de lo que han sido estos 200 a\u00f1os para\u00a0<\/strong><strong>Colombia,<\/strong>\u00a0y con base en aciertos y errores, establecer proyecciones para el tercer\u00a0centenario, con metas claras que apunten al desarrollo, al fortalecimiento de la<br \/>\nlibertad y a la consolidaci\u00f3n del proyecto de Naci\u00f3n.<\/p>\n<p>El objetivo del Gobierno es que todos nuestros ciudadanos\u00a0aporten desde su\u00a0cotidianidad a la consolidaci\u00f3n de las instituciones, de la idiosincrasia, del\u00a0sentimiento nacional, a la construcci\u00f3n de un pa\u00eds pr\u00f3spero, y que, de esta manera,\u00a0cada uno de nosotros se sienta\u00a0<strong>#M\u00e1sColombianoQueNunca<\/strong>.<\/p>\n<h2>\u00bfCu\u00e1nto tiempo durar\u00e1n estas celebraciones?<\/h2>\n<p>La conmemoraci\u00f3n de este acontecimiento hist\u00f3rico se llevar\u00e1 a cabo desde este\u00a0a\u00f1o, hasta 2022, cuando culmine el actual gobierno.\u00a0Adem\u00e1s de hacer presencia simb\u00f3lica, con actos y ceremonias en las regiones que\u00a0fueron escenario de la Campa\u00f1a Libertadora,\u00a0<strong>se emprender\u00e1n acciones concretas\u00a0<\/strong><strong>para llevar desarrollo a estas zonas.<\/strong>\u00a0Para ello, se firm\u00f3 el Pacto Bicentenario, que\u00a0contempla obras de infraestructura y proyectos concretos en materia cultural y\u00a0tur\u00edstica. De esta manera se busca dar las primeras puntadas para la edificaci\u00f3n\u00a0mancomunada del tercer centenario de la Independencia de Colombia, con la\u00a0vinculaci\u00f3n de ni\u00f1as,\u00a0ni\u00f1os y j\u00f3venes, como poblaci\u00f3n clave en la construcci\u00f3n del pa\u00eds\u00a0del futuro.<\/p>\n<h2>\u00bfCu\u00e1l es la ley de Bicentenario?<\/h2>\n<p>Se trata de la Ley 1916, del 12 de julio de 2018, mediante la cual se vincula a la\u00a0Naci\u00f3n a las celebraciones del Bicentenario de la Independencia y\u00a0<strong>se declara\u00a0<\/strong><strong>patrimonio cultural a los municipios que hicieron parte de la Ruta Libertadora:\u00a0<\/strong><strong>Arauca, Casanare, Boyac\u00e1, Santander y Cundinamarca.<\/strong><\/p>\n<p>Esta ley pretende poner en marcha planes y programas para la protecci\u00f3n del\u00a0patrimonio natural y material que form\u00f3 parte de esta gesta hist\u00f3rica. Adem\u00e1s,\u00a0<strong>ofrece incentivos para desarrollar programas que fortalezcan el sector educativo, el\u00a0<\/strong><strong>turismo, la tecnolog\u00eda y la innovaci\u00f3n.<\/strong><\/p>\n<p>Seguramente despu\u00e9s de leer este art\u00edculo te sientes a\u00fan m\u00e1s orgulloso de ser\u00a0colombiano. No te pierdas la transmisi\u00f3n que realizaremos desde el Puente de\u00a0Boyac\u00e1\u00a0este 7 de agosto a trav\u00e9s de Canal Institucional y de la web\u00a0<strong><a href=\"https:\/\/mincultura.us8.list-manage.com\/track\/click?u=938ee9b6f1ec973c27a27302e&amp;id=5711c08939&amp;e=304c4fac67\" target=\"_blank\" rel=\"noopener\" data-saferedirecturl=\"https:\/\/www.google.com\/url?q=https:\/\/mincultura.us8.list-manage.com\/track\/click?u%3D938ee9b6f1ec973c27a27302e%26id%3D5711c08939%26e%3D304c4fac67&amp;source=gmail&amp;ust=1565191855004000&amp;usg=AFQjCNHMD1fBZhkecRqiC44ud-DJ3xrETQ\">www.mascolombianoquenunca.<wbr \/>co<\/a><\/strong><\/p>\n<p><strong>Consulte:\u00a0<a href=\"https:\/\/mincultura.us8.list-manage.com\/track\/click?u=938ee9b6f1ec973c27a27302e&amp;id=ab8527c1e2&amp;e=304c4fac67\" target=\"_blank\" rel=\"noopener\" data-saferedirecturl=\"https:\/\/www.google.com\/url?q=https:\/\/mincultura.us8.list-manage.com\/track\/click?u%3D938ee9b6f1ec973c27a27302e%26id%3Dab8527c1e2%26e%3D304c4fac67&amp;source=gmail&amp;ust=1565191855004000&amp;usg=AFQjCNHQCYEnK0vWpFSPXymmKPiF0tHTtw\"><img decoding=\"async\" class=\"CToWUd\" src=\"https:\/\/ci3.googleusercontent.com\/proxy\/4N63RBVdFVmbXmWh6QiqTgonhoQuljDwFmZ6reXYT7mUAlmLT-9wdUCj4S_VbgWMJrsCBVojBsnyJUk3pf6AdFjOKMGDTgMbI3hu2g=s0-d-e1-ft#https:\/\/www.mincultura.gov.co\/_layouts\/15\/images\/icpdf.png\" alt=\"\" \/>Agenda eventos Bicentenario 2019-2021.pdf<\/a><\/strong><\/p>\n<h4><strong>\u00a1Cultura, la esencia de un pa\u00eds que se transforma desde los territorios!<\/strong><\/h4>\n","protected":false},"excerpt":{"rendered":"<p>\u00bfQu\u00e9 celebramos? Colombia conmemora y celebra los 200 a\u00f1os de la gesta libertadora, a trav\u00e9s de la\u00a0cual se sell\u00f3 la independencia definitiva, con la victoria en la Batalla de Boyac\u00e1.\u00a0Un\u00a07 de agosto de 1819, el Ej\u00e9rcito Patriota derrot\u00f3 al Ej\u00e9rcito Realista de los\u00a0conquistadores\u00a0y culmin\u00f3 as\u00ed un proceso que hab\u00eda iniciado el 20 de julio de 1810. Con el triunfo en el emblem\u00e1tico Puente de Boyac\u00e1,\u00a0se abre el camino hacia la\u00a0constituci\u00f3n de la Rep\u00fablica, hacia la democracia, hacia el establecimiento de las\u00a0instituciones\u00a0e inicia un proceso de construcci\u00f3n de Naci\u00f3n, que se&#8230; <\/p>\n","protected":false},"author":3,"featured_media":31335,"comment_status":"open","ping_status":"closed","sticky":false,"template":"","format":"standard","meta":{"footnotes":"","_links_to":"","_links_to_target":""},"categories":[2,75,35],"tags":[],"class_list":["post-31334","post","type-post","status-publish","format-standard","has-post-thumbnail","hentry","category-actualidad","category-destacada","category-actualidad-nacion"],"_links":{"self":[{"href":"https:\/\/revistazetta.com\/index.php?rest_route=\/wp\/v2\/posts\/31334","targetHints":{"allow":["GET"]}}],"collection":[{"href":"https:\/\/revistazetta.com\/index.php?rest_route=\/wp\/v2\/posts"}],"about":[{"href":"https:\/\/revistazetta.com\/index.php?rest_route=\/wp\/v2\/types\/post"}],"author":[{"embeddable":true,"href":"https:\/\/revistazetta.com\/index.php?rest_route=\/wp\/v2\/users\/3"}],"replies":[{"embeddable":true,"href":"https:\/\/revistazetta.com\/index.php?rest_route=%2Fwp%2Fv2%2Fcomments&post=31334"}],"version-history":[{"count":0,"href":"https:\/\/revistazetta.com\/index.php?rest_route=\/wp\/v2\/posts\/31334\/revisions"}],"wp:featuredmedia":[{"embeddable":true,"href":"https:\/\/revistazetta.com\/index.php?rest_route=\/wp\/v2\/media\/31335"}],"wp:attachment":[{"href":"https:\/\/revistazetta.com\/index.php?rest_route=%2Fwp%2Fv2%2Fmedia&parent=31334"}],"wp:term":[{"taxonomy":"category","embeddable":true,"href":"https:\/\/revistazetta.com\/index.php?rest_route=%2Fwp%2Fv2%2Fcategories&post=31334"},{"taxonomy":"post_tag","embeddable":true,"href":"https:\/\/revistazetta.com\/index.php?rest_route=%2Fwp%2Fv2%2Ftags&post=31334"}],"curies":[{"name":"wp","href":"https:\/\/api.w.org\/{rel}","templated":true}]}}